{"id":63145,"date":"2020-06-18T12:02:03","date_gmt":"2020-06-18T15:02:03","guid":{"rendered":"https:\/\/www.actualidadadiario.com\/?p=63145"},"modified":"2020-06-18T12:02:03","modified_gmt":"2020-06-18T15:02:03","slug":"el-gobierno-suspende-por-180-dias-mas-la-movilidad-jubilatoria","status":"publish","type":"post","link":"https:\/\/www.actualidadadiario.com\/index.php\/2020\/06\/18\/el-gobierno-suspende-por-180-dias-mas-la-movilidad-jubilatoria\/","title":{"rendered":"El Gobierno suspende por 180 d\u00edas m\u00e1s la movilidad jubilatoria"},"content":{"rendered":"<p style=\"text-align: center;\"><em><strong>Durante este per\u00edodo, el Poder Ejecutivo determinar\u00e1 el incremento de los haberes previsionales correspondiente al r\u00e9gimen general<\/strong><\/em><\/p>\n<p>&nbsp;<\/p>\n<p>El Gobierno nacional prorrog\u00f3 hasta el 31 de diciembre de 2020 la suspensi\u00f3n de la aplicaci\u00f3n de la movilidad jubilatoria para ajustar los haberes previsionales, a trav\u00e9s del decreto 542\/2020 publicado hoy en el Bolet\u00edn Oficial.<\/p>\n<p>El mismo precis\u00f3 que durante este per\u00edodo, el Poder Ejecutivo determinar\u00e1 el incremento de los haberes previsionales correspondiente al r\u00e9gimen general \u201ccon el fin de preservar el poder adquisitivo de los mismos, atendiendo prioritariamente a los beneficiarios y las beneficiarias de menores ingresos\u201d.<\/p>\n<p>\u201cAnte la realidad impuesta por la pandemia de coronavirus, se torna sumamente dif\u00edcil, ya no solo construir una f\u00f3rmula de movilidad seria, razonable y perdurable, sino prever o predecir c\u00f3mo se comportar\u00e1n las variables econ\u00f3micas en los pr\u00f3ximos meses, de modo tal de determinar, a priori, pautas serias para fundamentar t\u00e9cnica, econ\u00f3mica y pol\u00edticamente, los ajustes trimestrales\u201d, precis\u00f3 el decreto.<\/p>\n<p>La ley 27.541 de Emergencia P\u00fablica, de diciembre del a\u00f1o pasado, suspendi\u00f3 por 180 d\u00edas la aplicaci\u00f3n de la movilidad jubilatoria, y estableci\u00f3 que dentro del mismo plazo el Poder Ejecutivo deb\u00eda convocar una comisi\u00f3n para que propusiera un proyecto de ley de movilidad de los haberes previsionales que \u201cgarantizara una adecuada participaci\u00f3n de los ingresos de los beneficiarios y de las beneficiarias del sistema en la riqueza de la Naci\u00f3n\u201d.<\/p>\n<p>El decreto explic\u00f3 que la emergencia sanitaria por la pandemia del coronavirus \u201cha impactado en la recaudaci\u00f3n de los recursos de la seguridad social, en las remuneraciones al trabajo y en la evoluci\u00f3n de los precios al consumidor y tornan inciertos los indicadores o par\u00e1metros m\u00e1s relevantes utilizados para establecer una metodolog\u00eda rigurosa de c\u00e1lculo con el fin de determinar la movilidad de los haberes previsionales\u201d.<\/p>\n<p>Asimismo indic\u00f3 que \u201cen t\u00e9rminos de actividad econ\u00f3mica, el impacto de la pandemia y el aislamiento social establecido est\u00e1n produciendo una importante contracci\u00f3n, lo que tambi\u00e9n repercute sobre la recaudaci\u00f3n nacional\u201d.<\/p>\n<p>Adem\u00e1s se\u00f1al\u00f3 que \u201cla tasa de inflaci\u00f3n mensual frente a esta coyuntura de restricciones, pierde parte de su capacidad informativa sobre una canasta de consumo cuya composici\u00f3n se ve severamente alterada en las actuales circunstancias\u201d.<\/p>\n<p>As\u00ed remarc\u00f3 que \u201clos principales indicadores y par\u00e1metros utilizados para determinar la movilidad de los haberes previsionales se han visto o se ver\u00e1n severamente afectados por la pandemia y las consecuencias de las medidas para proteger la salud de la poblaci\u00f3n, preservar sus ingresos, empleos y fuentes de trabajo\u201d.<\/p>\n<p>Puntualiz\u00f3 que \u201ccualquier esquema de movilidad debe garantizar cierta estabilidad real en los beneficios previsionales frente a diferentes contextos macroecon\u00f3micos, as\u00ed como establecer un nivel que se pueda sostener en el tiempo, dada la capacidad de los recursos fiscales\u201d.<\/p>\n","protected":false},"excerpt":{"rendered":"<p>Durante este per\u00edodo, el Poder Ejecutivo determinar\u00e1 el incremento de los haberes previsionales correspondiente al r\u00e9gimen general &nbsp; El Gobierno nacional prorrog\u00f3 hasta el 31 de diciembre de 2020 la suspensi\u00f3n de la aplicaci\u00f3n de la movilidad jubilatoria para ajustar los haberes previsionales, a trav\u00e9s del decreto 542\/2020 publicado hoy en el Bolet\u00edn Oficial. El mismo precis\u00f3 que durante este per\u00edodo, el Poder Ejecutivo determinar\u00e1 el incremento de los haberes previsionales correspondiente al r\u00e9gimen general \u201ccon el fin de preservar el poder adquisitivo de los mismos, atendiendo prioritariamente a los&#8230;<\/p>\n","protected":false},"author":3,"featured_media":61966,"comment_status":"closed","ping_status":"closed","sticky":false,"template":"","format":"standard","meta":[],"categories":[2],"tags":[],"_links":{"self":[{"href":"https:\/\/www.actualidadadiario.com\/index.php\/wp-json\/wp\/v2\/posts\/63145"}],"collection":[{"href":"https:\/\/www.actualidadadiario.com\/index.php\/wp-json\/wp\/v2\/posts"}],"about":[{"href":"https:\/\/www.actualidadadiario.com\/index.php\/wp-json\/wp\/v2\/types\/post"}],"author":[{"embeddable":true,"href":"https:\/\/www.actualidadadiario.com\/index.php\/wp-json\/wp\/v2\/users\/3"}],"replies":[{"embeddable":true,"href":"https:\/\/www.actualidadadiario.com\/index.php\/wp-json\/wp\/v2\/comments?post=63145"}],"version-history":[{"count":1,"href":"https:\/\/www.actualidadadiario.com\/index.php\/wp-json\/wp\/v2\/posts\/63145\/revisions"}],"predecessor-version":[{"id":63146,"href":"https:\/\/www.actualidadadiario.com\/index.php\/wp-json\/wp\/v2\/posts\/63145\/revisions\/63146"}],"wp:featuredmedia":[{"embeddable":true,"href":"https:\/\/www.actualidadadiario.com\/index.php\/wp-json\/wp\/v2\/media\/61966"}],"wp:attachment":[{"href":"https:\/\/www.actualidadadiario.com\/index.php\/wp-json\/wp\/v2\/media?parent=63145"}],"wp:term":[{"taxonomy":"category","embeddable":true,"href":"https:\/\/www.actualidadadiario.com\/index.php\/wp-json\/wp\/v2\/categories?post=63145"},{"taxonomy":"post_tag","embeddable":true,"href":"https:\/\/www.actualidadadiario.com\/index.php\/wp-json\/wp\/v2\/tags?post=63145"}],"curies":[{"name":"wp","href":"https:\/\/api.w.org\/{rel}","templated":true}]}}