{"id":63139,"date":"2020-06-18T12:00:20","date_gmt":"2020-06-18T15:00:20","guid":{"rendered":"https:\/\/www.actualidadadiario.com\/?p=63139"},"modified":"2020-06-18T12:00:20","modified_gmt":"2020-06-18T15:00:20","slug":"tierra-del-fuego-ya-fabrica-respiradores-ahora-busca-prorroga-de-promocion-industrial","status":"publish","type":"post","link":"https:\/\/www.actualidadadiario.com\/index.php\/2020\/06\/18\/tierra-del-fuego-ya-fabrica-respiradores-ahora-busca-prorroga-de-promocion-industrial\/","title":{"rendered":"Tierra del Fuego ya fabrica respiradores, ahora busca pr\u00f3rroga de promoci\u00f3n industrial"},"content":{"rendered":"<p style=\"text-align: center;\"><em><strong>El Grupo Mirgor producir\u00e1 mil por mes para las necesidades del Gobierno nacional. La reconversi\u00f3n de las electr\u00f3nicas es una carta para la negociaci\u00f3n del gobernador con Naci\u00f3n por la pr\u00f3rroga de la norma, que vence en 2023<\/strong><\/em><\/p>\n<p>&nbsp;<\/p>\n<p>Tierra del Fuego present\u00f3 un respirador fabricado en la provincia, que adem\u00e1s de representar un aporte de mil aparatos por mes para hacer frente al pico de la pandemia, es una muestra de reconversi\u00f3n central para la administraci\u00f3n de Gustavo Melella, que negocia con Naci\u00f3n la pr\u00f3rroga de la Ley de Promoci\u00f3n Industrial.<\/p>\n<p>La norma caduca en 2023 y, por ende, es el objetivo primario para el gobernador en vistas a dar certezas de continuidad y seguridad jur\u00eddica a las electr\u00f3nicas radicadas en la provincia, que crecieron al amparo de esa ley. Por eso, el respirador presentado ayer por el Grupo Mirgor junto con el mandatario y autoridades nacionales (como el Secretario de Industria, Ariel Schale), son una carta para que la Casa Rosada habilite la extensi\u00f3n de la promoci\u00f3n industrial. El sector de la electr\u00f3nica es hoy el mayor empleador de la provincia.<\/p>\n<p>En cuanto al respirador, es producido por el Grupo Mirgor, y har\u00e1 mil al mes, en alianza con la empresa cordobesa Lesitung, que hasta ahora hac\u00eda cincuenta al mes. Los aparatos ser\u00e1n destinados en una primera etapa a los requerimientos del Gobierno nacional para atender las necesidades de la pandemia del coronavirus.<\/p>\n<p>Curiosamente, a las semanas de que Alberto Fern\u00e1ndez decretara el aislamiento obligatorio, el Grupo Mirgor, que pertenece al empresario Nicol\u00e1s Caputo -af\u00edn a Mauricio Macri-, hab\u00eda amenazado con despedir a 740 empleados ante la paralizaci\u00f3n de las industrias y la crisis de las electr\u00f3nicas, que hab\u00edan tenido ca\u00eddas consecutivas en 2018 y 2019,<\/p>\n<p>Ahora, el panorama es otro y con el acuerdo con Lesitung quedan garantizadas las fuentes laborales de la firma radicada en R\u00edo Grande, la ciudad m\u00e1s poblada de la provincia.<\/p>\n<p>\u201cHubo una readaptaci\u00f3n total de la producci\u00f3n, y en Tierra del Fuego vamos a dibujar desde las plaquetas hasta el armado final, todo de forma manual, porque hasta ahora no hab\u00eda una l\u00ednea de montaje para respiradores por el bajo volumen\u201d, dicen en la provincia. En Tierra del Fuego ven que la reconversi\u00f3n es clave para contrarrestrar el mote de ensambladores con que se busc\u00f3 desprestigiar la industria fueguina.<\/p>\n<p>\u201cQuiero agradecer al ministro Kulfas, a Gin\u00e9s Gonz\u00e1lez Garc\u00eda y a Wado de Pedro, porque cuando surgi\u00f3 la posibilidad y la necesidad que ten\u00eda el pa\u00eds de producir respiradores habl\u00e9 con ellos y enseguida dijeron que s\u00ed. Esto habla de un Estado que est\u00e1 presente\u201d, se\u00f1al\u00f3 ayer Melella.<\/p>\n<p>\u201cConjuntamente con el Gobierno nacional queremos apostar al desarrollo de nuestra industria. Hay que trabajar codo a codo para que la industria argentina y la industria fueguina sigan demostrando que somos capaces de esto y de mucho m\u00e1s\u201d, agreg\u00f3 el gobernador. Un adelanto de las negociaciones con Naci\u00f3n para prorrogar una ley clave para la provincia.<\/p>\n","protected":false},"excerpt":{"rendered":"<p>El Grupo Mirgor producir\u00e1 mil por mes para las necesidades del Gobierno nacional. La reconversi\u00f3n de las electr\u00f3nicas es una carta para la negociaci\u00f3n del gobernador con Naci\u00f3n por la pr\u00f3rroga de la norma, que vence en 2023 &nbsp; Tierra del Fuego present\u00f3 un respirador fabricado en la provincia, que adem\u00e1s de representar un aporte de mil aparatos por mes para hacer frente al pico de la pandemia, es una muestra de reconversi\u00f3n central para la administraci\u00f3n de Gustavo Melella, que negocia con Naci\u00f3n la pr\u00f3rroga de la Ley de&#8230;<\/p>\n","protected":false},"author":3,"featured_media":63140,"comment_status":"closed","ping_status":"closed","sticky":false,"template":"","format":"standard","meta":[],"categories":[2],"tags":[],"_links":{"self":[{"href":"https:\/\/www.actualidadadiario.com\/index.php\/wp-json\/wp\/v2\/posts\/63139"}],"collection":[{"href":"https:\/\/www.actualidadadiario.com\/index.php\/wp-json\/wp\/v2\/posts"}],"about":[{"href":"https:\/\/www.actualidadadiario.com\/index.php\/wp-json\/wp\/v2\/types\/post"}],"author":[{"embeddable":true,"href":"https:\/\/www.actualidadadiario.com\/index.php\/wp-json\/wp\/v2\/users\/3"}],"replies":[{"embeddable":true,"href":"https:\/\/www.actualidadadiario.com\/index.php\/wp-json\/wp\/v2\/comments?post=63139"}],"version-history":[{"count":1,"href":"https:\/\/www.actualidadadiario.com\/index.php\/wp-json\/wp\/v2\/posts\/63139\/revisions"}],"predecessor-version":[{"id":63141,"href":"https:\/\/www.actualidadadiario.com\/index.php\/wp-json\/wp\/v2\/posts\/63139\/revisions\/63141"}],"wp:featuredmedia":[{"embeddable":true,"href":"https:\/\/www.actualidadadiario.com\/index.php\/wp-json\/wp\/v2\/media\/63140"}],"wp:attachment":[{"href":"https:\/\/www.actualidadadiario.com\/index.php\/wp-json\/wp\/v2\/media?parent=63139"}],"wp:term":[{"taxonomy":"category","embeddable":true,"href":"https:\/\/www.actualidadadiario.com\/index.php\/wp-json\/wp\/v2\/categories?post=63139"},{"taxonomy":"post_tag","embeddable":true,"href":"https:\/\/www.actualidadadiario.com\/index.php\/wp-json\/wp\/v2\/tags?post=63139"}],"curies":[{"name":"wp","href":"https:\/\/api.w.org\/{rel}","templated":true}]}}