{"id":63137,"date":"2020-06-18T11:59:35","date_gmt":"2020-06-18T14:59:35","guid":{"rendered":"https:\/\/www.actualidadadiario.com\/?p=63137"},"modified":"2020-06-18T11:59:35","modified_gmt":"2020-06-18T14:59:35","slug":"la-justicia-santafesina-avalo-la-intervencion-de-vicentin","status":"publish","type":"post","link":"https:\/\/www.actualidadadiario.com\/index.php\/2020\/06\/18\/la-justicia-santafesina-avalo-la-intervencion-de-vicentin\/","title":{"rendered":"La justicia santafesina aval\u00f3 la intervenci\u00f3n de Vicentin"},"content":{"rendered":"<p style=\"text-align: center;\"><em><strong>El juez en lo Civil y Comercial de Reconquista, Fabi\u00e1n Lorenzini, acept\u00f3 el pedido de ratificaci\u00f3n del subinterventor designado por el gobierno nacional, Luciano Zarich<\/strong><\/em><\/p>\n<p>&nbsp;<\/p>\n<p>&nbsp;<\/p>\n<p>La justicia santafesina, que lleva adelante el concurso preventivo de acreedores de la agroexportadora Vicentin, aval\u00f3 la intervenci\u00f3n estatal de la compa\u00f1\u00eda en cesaci\u00f3n de pagos, tras ratificar en el cargo de subinterventor a Luciano Zarich, informaron hoy fuentes judiciales.<\/p>\n<p>De esta manera, el juez en lo Civil y Comercial de Reconquista, Fabi\u00e1n Lorenzini, acept\u00f3 el pedido de ratificaci\u00f3n en su cargo del subinterventor designado por el gobierno nacional, designado para secundar a Gabriel Delgado, quien por el momento no se trasladar\u00e1 a Santa Fe por cuestiones de salud.<\/p>\n<p>El Estado nacional pudo iniciar la intervenci\u00f3n de la cerealera en default tras la r\u00fabrica del acta de traspaso con integrantes del directorio el jueves pasado con Zarich y que \u00e9ste pudiera ingresar en la casa matriz de la compa\u00f1\u00eda ubicada en la localidad santafesina de Avellaneda.<\/p>\n<p>A partir de ese momento, comenz\u00f3 la intervenci\u00f3n por 60 d\u00edas de Vicentin,en un concurso de acreedores con una deuda declarada de casi $ 100.000 millones.<\/p>\n<p>De ese total, $ 25.600 millones se adeuda a productores y entregadores de granos, mientras casi $ 64.000 millones debe a entidades financieras, de las cuales el Banco Naci\u00f3n es su principal acreedor con $18.500 millones.<\/p>\n<p>Si bien la empresa acept\u00f3 la intervenci\u00f3n del gobierno nacional, rechaz\u00f3 de plano la expropiaci\u00f3n que el Poder Ejecutivo elevar\u00e1 al Congreso nacional para su sanci\u00f3n.<\/p>\n<p>Esta decisi\u00f3n fue justificada por el gobierno ante el riesgo de que el concurso preventivo de acreedores derive en la quiebra de la firma cerealera y se produzca a partir de esto su extranjerizaci\u00f3n.<\/p>\n<p>Sin embargo, estos argumentos fueron rechazados por gran parte del sector agroindustrial, c\u00e1maras empresarias y parte del arco opositor, al considerar la medida &#8220;ilegal&#8221; y que &#8220;no respeta la divisi\u00f3n de poderes&#8221;, mientras que otros actores sumaron alternativas a la expropiaci\u00f3n.<\/p>\n<p>En este sentido, el diputado nacional de Juntos por el Cambio (JxC), Juan Aicega, present\u00f3 un proyecto alternativo junto con diputados referenciados con Emilio Monz\u00f3 para evitar la expropiaci\u00f3n de Vicentin y asegur\u00f3 que &#8220;no existe una emergencia tal que haga que el Poder Ejecutivo intervenga y hay otras soluciones para acercarle al juez&#8221; de la causa<\/p>\n<p>Dicho proyecto concibe &#8220;un gerenciamiento integrado por la Asociaci\u00f3n de Cooperativas Argentinas (ACA) y\/o AFA (Agricultores Federados), para que pongan en marcha la producci\u00f3n de la empresa y la reestructuraci\u00f3n del capital social, dentro del marco legal&#8221;, indic\u00f3 el legislador en di\u00e1logo con radio El Destape.<\/p>\n<p>En cambio, el jefe del bloque de diputados nacionales de Consenso Federal, Alejandro &#8220;Topo&#8221; Rodr\u00edguez, se mostr\u00f3 hoy esc\u00e9ptico respecto del ingreso al Congreso de un proyecto para expropiar la empresa Vicentin.&#8221;No tenemos idea si el gobierno va a mandar el proyecto, ver para creer&#8221;, sostuvo y le recomend\u00f3 al Ejecutivo nacional que &#8220;retrotraiga la marcha sobre este tema, porque si \u00e9ste va para adelante, tal como lo presenta, va a terminar mal&#8221;.<\/p>\n<p>Por otro lado, uno de los accionistas de la aceitera, H\u00e9ctor Vicentin, rechaz\u00f3 hoy que los $18.500 millones en pr\u00e9stamos otorgados a la firma por el Banco Naci\u00f3n en concepto de prefinanciaci\u00f3n de exportaciones, hayan tenido como destino la fuga de capitales o el lavado de dinero.<\/p>\n<p>Seg\u00fan Vicentin, el contenido de la denuncia presentada por la Unidad de Informaci\u00f3n Financiera (UIF) es &#8220;totalmente inexacto&#8221; y catalog\u00f3 como &#8220;rid\u00edculo&#8221; pensar que &#8220;algunos de Vicentin sacaron ese dinero al exterior&#8221;, sostuvo en declaraciones radiales.<\/p>\n","protected":false},"excerpt":{"rendered":"<p>El juez en lo Civil y Comercial de Reconquista, Fabi\u00e1n Lorenzini, acept\u00f3 el pedido de ratificaci\u00f3n del subinterventor designado por el gobierno nacional, Luciano Zarich &nbsp; &nbsp; La justicia santafesina, que lleva adelante el concurso preventivo de acreedores de la agroexportadora Vicentin, aval\u00f3 la intervenci\u00f3n estatal de la compa\u00f1\u00eda en cesaci\u00f3n de pagos, tras ratificar en el cargo de subinterventor a Luciano Zarich, informaron hoy fuentes judiciales. De esta manera, el juez en lo Civil y Comercial de Reconquista, Fabi\u00e1n Lorenzini, acept\u00f3 el pedido de ratificaci\u00f3n en su cargo del&#8230;<\/p>\n","protected":false},"author":3,"featured_media":55295,"comment_status":"closed","ping_status":"closed","sticky":false,"template":"","format":"standard","meta":[],"categories":[2],"tags":[],"_links":{"self":[{"href":"https:\/\/www.actualidadadiario.com\/index.php\/wp-json\/wp\/v2\/posts\/63137"}],"collection":[{"href":"https:\/\/www.actualidadadiario.com\/index.php\/wp-json\/wp\/v2\/posts"}],"about":[{"href":"https:\/\/www.actualidadadiario.com\/index.php\/wp-json\/wp\/v2\/types\/post"}],"author":[{"embeddable":true,"href":"https:\/\/www.actualidadadiario.com\/index.php\/wp-json\/wp\/v2\/users\/3"}],"replies":[{"embeddable":true,"href":"https:\/\/www.actualidadadiario.com\/index.php\/wp-json\/wp\/v2\/comments?post=63137"}],"version-history":[{"count":1,"href":"https:\/\/www.actualidadadiario.com\/index.php\/wp-json\/wp\/v2\/posts\/63137\/revisions"}],"predecessor-version":[{"id":63138,"href":"https:\/\/www.actualidadadiario.com\/index.php\/wp-json\/wp\/v2\/posts\/63137\/revisions\/63138"}],"wp:featuredmedia":[{"embeddable":true,"href":"https:\/\/www.actualidadadiario.com\/index.php\/wp-json\/wp\/v2\/media\/55295"}],"wp:attachment":[{"href":"https:\/\/www.actualidadadiario.com\/index.php\/wp-json\/wp\/v2\/media?parent=63137"}],"wp:term":[{"taxonomy":"category","embeddable":true,"href":"https:\/\/www.actualidadadiario.com\/index.php\/wp-json\/wp\/v2\/categories?post=63137"},{"taxonomy":"post_tag","embeddable":true,"href":"https:\/\/www.actualidadadiario.com\/index.php\/wp-json\/wp\/v2\/tags?post=63137"}],"curies":[{"name":"wp","href":"https:\/\/api.w.org\/{rel}","templated":true}]}}