{"id":63125,"date":"2020-06-18T11:55:43","date_gmt":"2020-06-18T14:55:43","guid":{"rendered":"https:\/\/www.actualidadadiario.com\/?p=63125"},"modified":"2020-06-18T11:55:43","modified_gmt":"2020-06-18T14:55:43","slug":"de-forma-mixta-este-jueves-vuelve-a-sesionar-la-camara-de-diputados-2","status":"publish","type":"post","link":"https:\/\/www.actualidadadiario.com\/index.php\/2020\/06\/18\/de-forma-mixta-este-jueves-vuelve-a-sesionar-la-camara-de-diputados-2\/","title":{"rendered":"De forma mixta, este jueves vuelve a sesionar la C\u00e1mara de Diputados"},"content":{"rendered":"<p style=\"text-align: center;\"><em><strong>A partir de las 11, este jueves se llevar\u00e1 a cabo la 5\u00aa sesi\u00f3n de la C\u00e1mara de Diputados. Como desde el inicio de la pandemia, la modalidad ser\u00e1 mixta, con los presidentes de bloque presentes en el recinto, mientras que los dem\u00e1s diputados participar\u00e1n a distancia de forma virtual<\/strong><\/em><\/p>\n<p>&nbsp;<\/p>\n<p>Finalmente, el llamado hecho por el presidente de la C\u00e1mara, Angel Giano, se concretar\u00e1 este jueves a las 11, y al igual que las anteriores, se realizar\u00e1 de modo mixto: el titular del cuerpo, los secretarios y el cuerpo de taquigraf\u00eda estar\u00e1 presente en el recinto al igual que los presidentes de los bloques. Los dem\u00e1s legisladores participar\u00e1n a distancia a trav\u00e9s de videoconferencia.<\/p>\n<p>Este martes se reuni\u00f3 la comisi\u00f3n de Legislaci\u00f3n General a las 9 de la ma\u00f1ana y una hora despu\u00e9s, hubo un encuentro conjunto de este comit\u00e9 con el de la Banca de la Mujer, G\u00e9neros y Diversidad.<\/p>\n","protected":false},"excerpt":{"rendered":"<p>A partir de las 11, este jueves se llevar\u00e1 a cabo la 5\u00aa sesi\u00f3n de la C\u00e1mara de Diputados. Como desde el inicio de la pandemia, la modalidad ser\u00e1 mixta, con los presidentes de bloque presentes en el recinto, mientras que los dem\u00e1s diputados participar\u00e1n a distancia de forma virtual &nbsp; Finalmente, el llamado hecho por el presidente de la C\u00e1mara, Angel Giano, se concretar\u00e1 este jueves a las 11, y al igual que las anteriores, se realizar\u00e1 de modo mixto: el titular del cuerpo, los secretarios y el cuerpo&#8230;<\/p>\n","protected":false},"author":3,"featured_media":61460,"comment_status":"closed","ping_status":"closed","sticky":false,"template":"","format":"standard","meta":[],"categories":[15],"tags":[],"_links":{"self":[{"href":"https:\/\/www.actualidadadiario.com\/index.php\/wp-json\/wp\/v2\/posts\/63125"}],"collection":[{"href":"https:\/\/www.actualidadadiario.com\/index.php\/wp-json\/wp\/v2\/posts"}],"about":[{"href":"https:\/\/www.actualidadadiario.com\/index.php\/wp-json\/wp\/v2\/types\/post"}],"author":[{"embeddable":true,"href":"https:\/\/www.actualidadadiario.com\/index.php\/wp-json\/wp\/v2\/users\/3"}],"replies":[{"embeddable":true,"href":"https:\/\/www.actualidadadiario.com\/index.php\/wp-json\/wp\/v2\/comments?post=63125"}],"version-history":[{"count":1,"href":"https:\/\/www.actualidadadiario.com\/index.php\/wp-json\/wp\/v2\/posts\/63125\/revisions"}],"predecessor-version":[{"id":63126,"href":"https:\/\/www.actualidadadiario.com\/index.php\/wp-json\/wp\/v2\/posts\/63125\/revisions\/63126"}],"wp:featuredmedia":[{"embeddable":true,"href":"https:\/\/www.actualidadadiario.com\/index.php\/wp-json\/wp\/v2\/media\/61460"}],"wp:attachment":[{"href":"https:\/\/www.actualidadadiario.com\/index.php\/wp-json\/wp\/v2\/media?parent=63125"}],"wp:term":[{"taxonomy":"category","embeddable":true,"href":"https:\/\/www.actualidadadiario.com\/index.php\/wp-json\/wp\/v2\/categories?post=63125"},{"taxonomy":"post_tag","embeddable":true,"href":"https:\/\/www.actualidadadiario.com\/index.php\/wp-json\/wp\/v2\/tags?post=63125"}],"curies":[{"name":"wp","href":"https:\/\/api.w.org\/{rel}","templated":true}]}}