{"id":63119,"date":"2020-06-18T11:53:49","date_gmt":"2020-06-18T14:53:49","guid":{"rendered":"https:\/\/www.actualidadadiario.com\/?p=63119"},"modified":"2020-06-18T11:53:49","modified_gmt":"2020-06-18T14:53:49","slug":"la-provincia-canalizara-fondos-para-auxiliar-a-prestadores-turisticos","status":"publish","type":"post","link":"https:\/\/www.actualidadadiario.com\/index.php\/2020\/06\/18\/la-provincia-canalizara-fondos-para-auxiliar-a-prestadores-turisticos\/","title":{"rendered":"La provincia canalizar\u00e1 fondos para auxiliar a prestadores tur\u00edsticos"},"content":{"rendered":"<p style=\"text-align: center;\"><em><strong>El Ministerio de Turismo y Deportes de la Naci\u00f3n destinar\u00e1 ayuda econ\u00f3mica a aquellos integrantes del sector tur\u00edstico que realizan actividades complementarias, como gu\u00edas y caba\u00f1eros, entre otros, y que vieron afectados sus ingresos por el covid 19. La inscripci\u00f3n comienza este viernes 19 de junio<\/strong><\/em><\/p>\n<p>&nbsp;<\/p>\n<p>Se trata del Fondo de Auxilio para Prestadores Tur\u00edsticos, que otorga al prestador un aporte no reembolsable de 50.000 pesos, a pagar en dos instancias: la primera de 30.000 pesos y el restante una vez que el beneficiario cumpla con una capacitaci\u00f3n obligatoria que contiene los nuevos protocolos covid-19 para el turismo. Pueden aplicar a este nuevo beneficio monotributistas sociales, monotributistas y trabajadores aut\u00f3nomos que acrediten al menos un a\u00f1o de antig\u00fcedad de la inscripci\u00f3n.<\/p>\n<p>El ministro de Producci\u00f3n y Turismo de Entre R\u00edos, Juan Jos\u00e9 Bahillo, complement\u00f3 la informaci\u00f3n al precisar que \u201cel organismo dar\u00e1 prioridad a los proyectos con eje en desarrollo, inclusi\u00f3n, equidad de g\u00e9nero e innovaci\u00f3n y creatividad\u201d. Como contraprestaci\u00f3n, los seleccionados como beneficiarios deber\u00e1n inscribirse y realizar la capacitaci\u00f3n sobre Nociones de seguridad e higiene para el Turismo, del Programa de Formaci\u00f3n Virtual del Ministerio de Turismo y Deportes.<\/p>\n<p>&#8220;Sabemos que el turismo es uno de los grandes generadores de empleo, tanto directo como indirecto, en todas las regiones del pa\u00eds, y por eso avanzamos con esta nueva iniciativa, para que el sector est\u00e9 de pie el d\u00eda siguiente a que finalice esta pandemia&#8221;, asegur\u00f3 el ministro de Turismo y Deportes, Mat\u00edas Lammens.<\/p>\n<p>Por su parte, el secretario de Turismo de Entre R\u00edos, Gast\u00f3n Irazusta, especific\u00f3 que la iniciativa forma parte del Plan de Auxilio, Capacitaci\u00f3n e Infraestructura para el Turismo, programa nacional que destinar\u00e1 4.000 millones de pesos al sector durante 2020 para que sea uno de los motores de la recuperaci\u00f3n econ\u00f3mica del sector.<\/p>\n<p>Los interesados e interesadas en aplicar al programa podr\u00e1n inscribirse a partir del viernes 19 de junio en argentina.gob.ar\/turismoydeportes\/aptur<\/p>\n","protected":false},"excerpt":{"rendered":"<p>El Ministerio de Turismo y Deportes de la Naci\u00f3n destinar\u00e1 ayuda econ\u00f3mica a aquellos integrantes del sector tur\u00edstico que realizan actividades complementarias, como gu\u00edas y caba\u00f1eros, entre otros, y que vieron afectados sus ingresos por el covid 19. La inscripci\u00f3n comienza este viernes 19 de junio &nbsp; Se trata del Fondo de Auxilio para Prestadores Tur\u00edsticos, que otorga al prestador un aporte no reembolsable de 50.000 pesos, a pagar en dos instancias: la primera de 30.000 pesos y el restante una vez que el beneficiario cumpla con una capacitaci\u00f3n obligatoria&#8230;<\/p>\n","protected":false},"author":3,"featured_media":63120,"comment_status":"closed","ping_status":"closed","sticky":false,"template":"","format":"standard","meta":[],"categories":[15],"tags":[],"_links":{"self":[{"href":"https:\/\/www.actualidadadiario.com\/index.php\/wp-json\/wp\/v2\/posts\/63119"}],"collection":[{"href":"https:\/\/www.actualidadadiario.com\/index.php\/wp-json\/wp\/v2\/posts"}],"about":[{"href":"https:\/\/www.actualidadadiario.com\/index.php\/wp-json\/wp\/v2\/types\/post"}],"author":[{"embeddable":true,"href":"https:\/\/www.actualidadadiario.com\/index.php\/wp-json\/wp\/v2\/users\/3"}],"replies":[{"embeddable":true,"href":"https:\/\/www.actualidadadiario.com\/index.php\/wp-json\/wp\/v2\/comments?post=63119"}],"version-history":[{"count":1,"href":"https:\/\/www.actualidadadiario.com\/index.php\/wp-json\/wp\/v2\/posts\/63119\/revisions"}],"predecessor-version":[{"id":63121,"href":"https:\/\/www.actualidadadiario.com\/index.php\/wp-json\/wp\/v2\/posts\/63119\/revisions\/63121"}],"wp:featuredmedia":[{"embeddable":true,"href":"https:\/\/www.actualidadadiario.com\/index.php\/wp-json\/wp\/v2\/media\/63120"}],"wp:attachment":[{"href":"https:\/\/www.actualidadadiario.com\/index.php\/wp-json\/wp\/v2\/media?parent=63119"}],"wp:term":[{"taxonomy":"category","embeddable":true,"href":"https:\/\/www.actualidadadiario.com\/index.php\/wp-json\/wp\/v2\/categories?post=63119"},{"taxonomy":"post_tag","embeddable":true,"href":"https:\/\/www.actualidadadiario.com\/index.php\/wp-json\/wp\/v2\/tags?post=63119"}],"curies":[{"name":"wp","href":"https:\/\/api.w.org\/{rel}","templated":true}]}}