{"id":63117,"date":"2020-06-18T11:53:02","date_gmt":"2020-06-18T14:53:02","guid":{"rendered":"https:\/\/www.actualidadadiario.com\/?p=63117"},"modified":"2020-06-18T11:53:02","modified_gmt":"2020-06-18T14:53:02","slug":"ater-normaliza-el-horario-de-atencion-en-sus-oficinas","status":"publish","type":"post","link":"https:\/\/www.actualidadadiario.com\/index.php\/2020\/06\/18\/ater-normaliza-el-horario-de-atencion-en-sus-oficinas\/","title":{"rendered":"ATER normaliza el horario de atenci\u00f3n en sus oficinas"},"content":{"rendered":"<p style=\"text-align: center;\"><em><strong>La Administraci\u00f3n Tributaria de Entre R\u00edos (Ater), comenz\u00f3 con la atenci\u00f3n presencial es de 7.30 a 12.30 manteniendo la modalidad de turnos previos. Se recordaron las v\u00edas de obtenci\u00f3n, cancelaci\u00f3n y la posibilidad de reprogramar los turnos<\/strong><\/em><\/p>\n<p>&nbsp;<\/p>\n<p>&nbsp;<\/p>\n<p>Desde el \u00e1rea de Interior de ATER se\u00f1alaron adem\u00e1s que en la ciudad capital la atenci\u00f3n se extender\u00e1 excepcionalmente una hora m\u00e1s durante junio, atento a la demanda extraordinaria de turnos de atenci\u00f3n.<\/p>\n<p>As\u00ed mismo, recordaron a los contribuyentes que la atenci\u00f3n en todo el territorio se d\u00e1 \u00fanicamente mediante turnos web (cita previa) y que los mismos pueden ser reprogramados y\/o cancelados en todo momento desde cualquier computadora o celular.<\/p>\n<p>Localidades con atenci\u00f3n presencial reducida y suspendida.<\/p>\n<p>Por otra parte se recuerda que las oficinas de atenci\u00f3n ubicadas en Col\u00f3n, San Jos\u00e9, Ibicuy, Villa Paranacito, Ciudad de Buenos Aires, Rosario, Villa Mantero, San Benito y General Campos se encuentran cerradas dada la vigencia de las medidas de aislamiento preventivas nuevamente dispuestas y disposiciones que afectan la prestaci\u00f3n normal de servicios.<\/p>\n<p>En tanto, las oficinas ubicadas en Santa Elena y Villa Clara, prestan atenci\u00f3n de forma los d\u00ecas martes y jueves.<\/p>\n<p>Finalmente, invitan a realizar consultas y gestiones de forma electr\u00f2nica a trav\u00e9s de www.ater.gob.ar y los servicios de ATER con clave fiscal y el Servicio de Asistencia al Ciudadano 0810 888 2837.<\/p>\n","protected":false},"excerpt":{"rendered":"<p>La Administraci\u00f3n Tributaria de Entre R\u00edos (Ater), comenz\u00f3 con la atenci\u00f3n presencial es de 7.30 a 12.30 manteniendo la modalidad de turnos previos. Se recordaron las v\u00edas de obtenci\u00f3n, cancelaci\u00f3n y la posibilidad de reprogramar los turnos &nbsp; &nbsp; Desde el \u00e1rea de Interior de ATER se\u00f1alaron adem\u00e1s que en la ciudad capital la atenci\u00f3n se extender\u00e1 excepcionalmente una hora m\u00e1s durante junio, atento a la demanda extraordinaria de turnos de atenci\u00f3n. As\u00ed mismo, recordaron a los contribuyentes que la atenci\u00f3n en todo el territorio se d\u00e1 \u00fanicamente mediante turnos&#8230;<\/p>\n","protected":false},"author":3,"featured_media":50932,"comment_status":"closed","ping_status":"closed","sticky":false,"template":"","format":"standard","meta":[],"categories":[15],"tags":[],"_links":{"self":[{"href":"https:\/\/www.actualidadadiario.com\/index.php\/wp-json\/wp\/v2\/posts\/63117"}],"collection":[{"href":"https:\/\/www.actualidadadiario.com\/index.php\/wp-json\/wp\/v2\/posts"}],"about":[{"href":"https:\/\/www.actualidadadiario.com\/index.php\/wp-json\/wp\/v2\/types\/post"}],"author":[{"embeddable":true,"href":"https:\/\/www.actualidadadiario.com\/index.php\/wp-json\/wp\/v2\/users\/3"}],"replies":[{"embeddable":true,"href":"https:\/\/www.actualidadadiario.com\/index.php\/wp-json\/wp\/v2\/comments?post=63117"}],"version-history":[{"count":1,"href":"https:\/\/www.actualidadadiario.com\/index.php\/wp-json\/wp\/v2\/posts\/63117\/revisions"}],"predecessor-version":[{"id":63118,"href":"https:\/\/www.actualidadadiario.com\/index.php\/wp-json\/wp\/v2\/posts\/63117\/revisions\/63118"}],"wp:featuredmedia":[{"embeddable":true,"href":"https:\/\/www.actualidadadiario.com\/index.php\/wp-json\/wp\/v2\/media\/50932"}],"wp:attachment":[{"href":"https:\/\/www.actualidadadiario.com\/index.php\/wp-json\/wp\/v2\/media?parent=63117"}],"wp:term":[{"taxonomy":"category","embeddable":true,"href":"https:\/\/www.actualidadadiario.com\/index.php\/wp-json\/wp\/v2\/categories?post=63117"},{"taxonomy":"post_tag","embeddable":true,"href":"https:\/\/www.actualidadadiario.com\/index.php\/wp-json\/wp\/v2\/tags?post=63117"}],"curies":[{"name":"wp","href":"https:\/\/api.w.org\/{rel}","templated":true}]}}