{"id":63114,"date":"2020-06-18T11:52:15","date_gmt":"2020-06-18T14:52:15","guid":{"rendered":"https:\/\/www.actualidadadiario.com\/?p=63114"},"modified":"2020-06-18T11:52:15","modified_gmt":"2020-06-18T14:52:15","slug":"se-trabaja-en-un-plan-de-prevencion-de-incendios-en-la-region-del-perilago","status":"publish","type":"post","link":"https:\/\/www.actualidadadiario.com\/index.php\/2020\/06\/18\/se-trabaja-en-un-plan-de-prevencion-de-incendios-en-la-region-del-perilago\/","title":{"rendered":"Se trabaja en un plan de prevenci\u00f3n de incendios en la regi\u00f3n del perilago"},"content":{"rendered":"<p style=\"text-align: center;\"><em><strong>Trabajan en la implementaci\u00f3n de un plan de prevenci\u00f3n de incendios en la regi\u00f3n del perilago<\/strong><\/em><\/p>\n<p>&nbsp;<\/p>\n<p>Para ello, el presidente de la Corporaci\u00f3n para el Desarrollo de Salto Grande (Codesal), Jos\u00e9 Luis Rodr\u00edguez; el secretario de Ambiente, Martin Barbieri; y el presidente de la C\u00e1mara de Diputados, \u00c1ngel Giano, mantuvieron una reuni\u00f3n de trabajo.<\/p>\n<p>Al respecto, el presidente de la Codesal, sostuvo que \u201cla incorporaci\u00f3n del Plan Provincial Manejo del Fuego es una de las prioridades que tenemos, y uno de los ejes para se trabajar\u00e1 y coordinar\u00e1 este a\u00f1o con la Secretar\u00eda de Ambiente de Entre R\u00edos, \u00e1mbito del que dependen dicho programa\u201d.<\/p>\n<p>\u201cPrevenir y combatir los fuegos forestales resulta una tarea fundamental para la conservaci\u00f3n de los bosques y la vegetaci\u00f3n de la zona. Conservar la naturaleza y belleza de nuestros bosques y vegetaci\u00f3n del lago para su preservaci\u00f3n es un mandato que debemos llevar adelante\u201d, precis\u00f3 Rodr\u00edguez.<\/p>\n<p>Durante el encuentro tambi\u00e9n se avanz\u00f3 sobre el proyecto para que el perilago sea declarado como \u00e1rea natural protegida dentro del sistema de Reserva de Usos M\u00faltiples.<\/p>\n<p>Para Rodr\u00edguez, esto ser\u00eda \u201cun salto cualitativo en el desarrollo de lo zona. Nos permitir\u00e1 conservar el equilibrio del ambiente, mediante el uso planificado y regulado de los recursos naturales, respetando sus caracter\u00edsticas de la flora y fauna existente, y el desarrollo de la zona con sus potencialidades\u201d.<\/p>\n<p>Por \u00faltimo, el presidente de la Codesal sostuvo: \u201cEl desarrollo del perilago es un objetivo del gobernador de la provincia, Gustavo Bordet, quien con una mirada estrat\u00e9gica entiende que va a potenciar el crecimiento tur\u00edstico y econ\u00f3mico de la regi\u00f3n. Un crecimiento que debe ser realizado de manera razonable, sustentable, sostenible y que priorice el cuidado del ambiente\u201d, finaliz\u00f3 Rodr\u00edguez.<\/p>\n","protected":false},"excerpt":{"rendered":"<p>Trabajan en la implementaci\u00f3n de un plan de prevenci\u00f3n de incendios en la regi\u00f3n del perilago &nbsp; Para ello, el presidente de la Corporaci\u00f3n para el Desarrollo de Salto Grande (Codesal), Jos\u00e9 Luis Rodr\u00edguez; el secretario de Ambiente, Martin Barbieri; y el presidente de la C\u00e1mara de Diputados, \u00c1ngel Giano, mantuvieron una reuni\u00f3n de trabajo. Al respecto, el presidente de la Codesal, sostuvo que \u201cla incorporaci\u00f3n del Plan Provincial Manejo del Fuego es una de las prioridades que tenemos, y uno de los ejes para se trabajar\u00e1 y coordinar\u00e1 este&#8230;<\/p>\n","protected":false},"author":3,"featured_media":63115,"comment_status":"closed","ping_status":"closed","sticky":false,"template":"","format":"standard","meta":[],"categories":[15],"tags":[],"_links":{"self":[{"href":"https:\/\/www.actualidadadiario.com\/index.php\/wp-json\/wp\/v2\/posts\/63114"}],"collection":[{"href":"https:\/\/www.actualidadadiario.com\/index.php\/wp-json\/wp\/v2\/posts"}],"about":[{"href":"https:\/\/www.actualidadadiario.com\/index.php\/wp-json\/wp\/v2\/types\/post"}],"author":[{"embeddable":true,"href":"https:\/\/www.actualidadadiario.com\/index.php\/wp-json\/wp\/v2\/users\/3"}],"replies":[{"embeddable":true,"href":"https:\/\/www.actualidadadiario.com\/index.php\/wp-json\/wp\/v2\/comments?post=63114"}],"version-history":[{"count":1,"href":"https:\/\/www.actualidadadiario.com\/index.php\/wp-json\/wp\/v2\/posts\/63114\/revisions"}],"predecessor-version":[{"id":63116,"href":"https:\/\/www.actualidadadiario.com\/index.php\/wp-json\/wp\/v2\/posts\/63114\/revisions\/63116"}],"wp:featuredmedia":[{"embeddable":true,"href":"https:\/\/www.actualidadadiario.com\/index.php\/wp-json\/wp\/v2\/media\/63115"}],"wp:attachment":[{"href":"https:\/\/www.actualidadadiario.com\/index.php\/wp-json\/wp\/v2\/media?parent=63114"}],"wp:term":[{"taxonomy":"category","embeddable":true,"href":"https:\/\/www.actualidadadiario.com\/index.php\/wp-json\/wp\/v2\/categories?post=63114"},{"taxonomy":"post_tag","embeddable":true,"href":"https:\/\/www.actualidadadiario.com\/index.php\/wp-json\/wp\/v2\/tags?post=63114"}],"curies":[{"name":"wp","href":"https:\/\/api.w.org\/{rel}","templated":true}]}}