{"id":63111,"date":"2020-06-18T11:51:03","date_gmt":"2020-06-18T14:51:03","guid":{"rendered":"https:\/\/www.actualidadadiario.com\/?p=63111"},"modified":"2020-06-18T11:51:03","modified_gmt":"2020-06-18T14:51:03","slug":"la-ministra-de-salud-fue-a-la-justicia-y-complico-el-acuerdo-entre-allende-y-la-procuracion","status":"publish","type":"post","link":"https:\/\/www.actualidadadiario.com\/index.php\/2020\/06\/18\/la-ministra-de-salud-fue-a-la-justicia-y-complico-el-acuerdo-entre-allende-y-la-procuracion\/","title":{"rendered":"La ministra de Salud fue a la Justicia y complic\u00f3 el acuerdo entre Allende y la Procuraci\u00f3n"},"content":{"rendered":"<p style=\"text-align: center;\"><em><strong>La presentaci\u00f3n de la ministra Vel\u00e1zquez en sede judicial pone en jaque el acuerdo entre la defensa del ex diputado y la Procuraci\u00f3n. Esa es la noticia. De dar por sentado que en la audiencia del 1\u00b0 julio no hab\u00eda otra posibilidad que ratificar lo acordado entre la Procuraci\u00f3n General y la defensa, en los \u00faltimos d\u00edas esa certeza comenz\u00f3 a empa\u00f1arse<\/strong><\/em><\/p>\n<p>&nbsp;<\/p>\n<p>El ex diputado provincial tiene cerrado una pena de dos a\u00f1os y ocho meses de prisi\u00f3n condicional, entregar su casa del Parque \u201cUrquiza\u201d valuada en 720.922 d\u00f3lares; y otra en el centro de Paran\u00e1 que tiene un valor de 378.289 d\u00f3lares.<\/p>\n<p>Tambi\u00e9n deber\u00e1 pagar una multa de tres millones de pesos. Todo eso por el delito de enriquecimiento il\u00edcito fijado en m\u00e1s de un mill\u00f3n de d\u00f3lares; por haber agredido a la ministra de Salud Sonia Vel\u00e1zquez, lo que se constituy\u00f3 en una causa de violencia de g\u00e9nero con el testimonio de otros funcionarios; y por las amenazas al periodista Mart\u00edn Carboni. En este \u00faltimo caso, el fiscal \u00c1lvaro Pi\u00e9rola ya hab\u00eda elevado la causa a juicio y adelantado una pena de dos a\u00f1os.<\/p>\n<p>&nbsp;<\/p>\n<p><strong>Vel\u00e1zquez fue a la Justicia<\/strong><\/p>\n<p>Tras conocerse el acuerdo, la ministra manifest\u00f3 en la prensa su malestar por la propuesta de la que se beneficiar\u00eda Allende. Esa expresi\u00f3n, sin embargo, se plasm\u00f3 en una presentaci\u00f3n judicial en la que Vel\u00e1zquez rechaz\u00f3 el acuerdo al entender que la unificaci\u00f3n de las causas no tiene un criterio que permita juzgarlo en un solo acto.<\/p>\n<p>Es as\u00ed, la ministra de Salud del Gobierno de Entre R\u00edos se present\u00f3 en la Justicia y plante\u00f3 su disconformidad. Dijo que as\u00ed se busca &#8220;invisibilizar&#8221; la causa por violencia de g\u00e9nero que le inici\u00f3 al exdiputado Jos\u00e9 Allende (PJ).<\/p>\n<p>&nbsp;<\/p>\n<p><strong>La audiencia del 1 de julio<\/strong><\/p>\n<p>El tribunal integrado por Jos\u00e9 Mar\u00eda Chemez; Mar\u00eda Carolina Castagno y Alejandro C\u00e1nepa deber\u00e1, el pr\u00f3ximo 1 de julio, refrendar o rechazar ese acuerdo que alcanzaron Leopoldo Lambruschini en representaci\u00f3n de Allende; la procuradora adjunta Cecilia Goyeneche; el fiscal de g\u00e9nero Leandro Dato; y los fiscales Laura Catt\u00e1neo y Pi\u00e9rola.<\/p>\n<p>No hay pr\u00e1cticamente antecedentes en la jurisdicci\u00f3n de que un Tribunal rechace lo acordado por las partes. Sucede que en este caso, Vel\u00e1zquez y Carboni se manifestaron en desacuerdo y poco o nada pueden hacer, ya que no se hab\u00edan presentado como querellantes. \u00bfQu\u00e9 sucedi\u00f3? Cuando los hechos se hicieron p\u00fablicos, el Ministerio P\u00fablico Fiscal abri\u00f3 investigaciones de oficio y as\u00ed se avanz\u00f3.<\/p>\n<p>Con la negativa de la v\u00edctima, en este caso Vel\u00e1zquez, Dato puede levantar el pedido de abreviado en lo que incumbe al delito de g\u00e9nero. De no hacerlo, la \u00faltima palabra la tendr\u00e1 el tribunal.<\/p>\n","protected":false},"excerpt":{"rendered":"<p>La presentaci\u00f3n de la ministra Vel\u00e1zquez en sede judicial pone en jaque el acuerdo entre la defensa del ex diputado y la Procuraci\u00f3n. Esa es la noticia. De dar por sentado que en la audiencia del 1\u00b0 julio no hab\u00eda otra posibilidad que ratificar lo acordado entre la Procuraci\u00f3n General y la defensa, en los \u00faltimos d\u00edas esa certeza comenz\u00f3 a empa\u00f1arse &nbsp; El ex diputado provincial tiene cerrado una pena de dos a\u00f1os y ocho meses de prisi\u00f3n condicional, entregar su casa del Parque \u201cUrquiza\u201d valuada en 720.922 d\u00f3lares;&#8230;<\/p>\n","protected":false},"author":3,"featured_media":63112,"comment_status":"closed","ping_status":"closed","sticky":false,"template":"","format":"standard","meta":[],"categories":[9],"tags":[],"_links":{"self":[{"href":"https:\/\/www.actualidadadiario.com\/index.php\/wp-json\/wp\/v2\/posts\/63111"}],"collection":[{"href":"https:\/\/www.actualidadadiario.com\/index.php\/wp-json\/wp\/v2\/posts"}],"about":[{"href":"https:\/\/www.actualidadadiario.com\/index.php\/wp-json\/wp\/v2\/types\/post"}],"author":[{"embeddable":true,"href":"https:\/\/www.actualidadadiario.com\/index.php\/wp-json\/wp\/v2\/users\/3"}],"replies":[{"embeddable":true,"href":"https:\/\/www.actualidadadiario.com\/index.php\/wp-json\/wp\/v2\/comments?post=63111"}],"version-history":[{"count":1,"href":"https:\/\/www.actualidadadiario.com\/index.php\/wp-json\/wp\/v2\/posts\/63111\/revisions"}],"predecessor-version":[{"id":63113,"href":"https:\/\/www.actualidadadiario.com\/index.php\/wp-json\/wp\/v2\/posts\/63111\/revisions\/63113"}],"wp:featuredmedia":[{"embeddable":true,"href":"https:\/\/www.actualidadadiario.com\/index.php\/wp-json\/wp\/v2\/media\/63112"}],"wp:attachment":[{"href":"https:\/\/www.actualidadadiario.com\/index.php\/wp-json\/wp\/v2\/media?parent=63111"}],"wp:term":[{"taxonomy":"category","embeddable":true,"href":"https:\/\/www.actualidadadiario.com\/index.php\/wp-json\/wp\/v2\/categories?post=63111"},{"taxonomy":"post_tag","embeddable":true,"href":"https:\/\/www.actualidadadiario.com\/index.php\/wp-json\/wp\/v2\/tags?post=63111"}],"curies":[{"name":"wp","href":"https:\/\/api.w.org\/{rel}","templated":true}]}}