{"id":63102,"date":"2020-06-17T12:59:27","date_gmt":"2020-06-17T15:59:27","guid":{"rendered":"https:\/\/www.actualidadadiario.com\/?p=63102"},"modified":"2020-06-17T12:59:27","modified_gmt":"2020-06-17T15:59:27","slug":"la-pandemia-se-cobra-13-contagios-por-minuto-en-brasil-y-el-gobierno-no-reacciona","status":"publish","type":"post","link":"https:\/\/www.actualidadadiario.com\/index.php\/2020\/06\/17\/la-pandemia-se-cobra-13-contagios-por-minuto-en-brasil-y-el-gobierno-no-reacciona\/","title":{"rendered":"La pandemia se cobra 13 contagios por minuto en Brasil y el gobierno no reacciona"},"content":{"rendered":"<p style=\"text-align: center;\"><em><strong>El virus va devastando vidas frente a la inercia radical del gobierno brasile\u00f1o y la floja actitud de gobernadores y alcaldes cada vez m\u00e1s presionados por comerciantes y empresarios<\/strong><\/em><\/p>\n<p>&nbsp;<\/p>\n<p>&nbsp;<\/p>\n<p>El 31 de mayo hab\u00eda en Brasil 500 mil infectados por el covid-19 y, acorde al divulgado por el ministerio de Salud, 16.144 muertos. Pasados diecis\u00e9is d\u00edas, a la una de la tarde de ayer los infectados eran 904.734 y las v\u00edctimas fatales 44.1657.<\/p>\n<p>A la noche, nueva actualizaci\u00f3n por el grupo de medios de comunicaci\u00f3n que buscan datos directamente junto a las secretar\u00edas de Salud provinciales, para evitar manipulaci\u00f3n por el ultraderechista presidente Jair Bolsonaro: 928.834 alcanzados por la covid-19 y 45.456 muertos, 1.338 en las \u00faltimas 24 horas.<\/p>\n<p>Se trata de un fen\u00f3meno impactante: en 16 d\u00edas los n\u00fameros pr\u00e1cticamente se multiplicaron por dos, en el caso de infectados, y por casi tres en el caso de las v\u00edctimas fatales. Entre las ocho de la noche del pasado lunes y la una de la tarde de ayer, fueron 13.178 nuevos infectados, lo que significa 775 a cada hora. O trece por minuto.<\/p>\n<p>La velocidad y la fuerza con que la pandemia va devastando vidas frente a la inercia radical del gobierno brasile\u00f1o y la floja actitud de gobernadores y alcaldes cada vez m\u00e1s presionados por comerciantes y empresarios, en realidad, son mucho mayores. El testeo es \u00ednfimo en Brasil, y las subnotificaciones son evidentes. Lo m\u00e1s preocupante es que todo indica que s\u00ed, habr\u00e1 cambios y novedades, siempre para peor.<\/p>\n<p>M\u00e9dicos, investigadores y cient\u00edficos reiteran sus advertencias, cada vez m\u00e1s alarmados, sobre los peligros de la flexibilizaci\u00f3n adoptada en las provincias en que la pandemia permanece en curva ascendente. Cu\u00e1nto m\u00e1s elevados sus alertas, menos o\u00eddos son.<\/p>\n<p>En Rio, por ejemplo, el alcalde Marcelo Crivella impuso serias restricciones y una agenda espec\u00edfica para que comercios, centros comerciales, bares y restaurantes volviesen a abrir. Falt\u00f3 un detalle: accionar un esquema de fiscalizaci\u00f3n eficaz.<\/p>\n<p>Resultado: multitudes aglomer\u00e1ndose principalmente en zonas de comercio popular, con mucha gente sin usar la mascarilla exigida por un decreto municipal. Crivella prometi\u00f3 aumentar &#8220;firmemente&#8221; la fiscalizaci\u00f3n en tales regiones, como si fuera posible aumentar algo casi inexistente.<\/p>\n<p>El plan anunciado por la alcald\u00eda preve\u00eda la &#8220;flexibilizaci\u00f3n&#8221; gradual, en etapas de quince d\u00edas de duraci\u00f3n. El feriado del Corpus Christi del pasado jueves dej\u00f3 claro que el plan fue vigorosamente atropellado: bares y restaurantes abrieron sus puertas, muchas veces ignorando solemnemente las medidas de restricci\u00f3n. Frente a semejante cuadro, que se repite con mayor o menos intensidad en otras capitales y ciudades muy pobladas, la reacci\u00f3n tanto del ministro interino de Salud, el general Eduardo Pazuello, como del mismo presidente Bolsonaro es id\u00e9ntica: puro silencio.<\/p>\n<p>El mandatario ultraderechista, a prop\u00f3sito, tiene bastante con qu\u00e9 preocuparse (la pandemia, por cierto, no lo preocupa excepto en un \u00fanico aspecto: seguir exigiendo la vuelta a &#8220;la normalidad&#8221;). A juzgar por sus reacciones la principal preocupaci\u00f3n del presidente ultraderechista es el cerco judicial a sus apoyadores, que se estrecha cada vez m\u00e1s, amenazando en diversas investigaciones a su tr\u00edo de hijos rabiosos que act\u00faan en la pol\u00edtica.<\/p>\n<p>Las presiones de integrantes del Supremo Tribunal Federal, instancia m\u00e1xima de la justicia en Brasil, sobre participantes de manifestaciones claramente anti-democr\u00e1ticas \u2013 muchas de las cuales contaron con la presencia de Bolsonaro \u2013 se intensificaron duramente en los \u00faltimos d\u00edas. El s\u00e1bado, un grupo de fan\u00e1ticos seguidores dispar\u00f3 fuegos de artificio contra la sede del Supremo Tribunal Federal.<\/p>\n<p>Ayer, fueron realizados allanamientos en residencias y oficinas de varios de los que esparcen noticias falsas por las redes sociales, adem\u00e1s de empresarios sospechosos de financiarlos y tambi\u00e9n a actos en respaldo del ultraderechista. Para dejar claro que la idea es avanzar hasta el fondo con las investigaciones, Alexandre de Moraes, integrante de la corte suprema, orden\u00f3 que se allanaran tambi\u00e9n residencias y despachos de diez diputados y un senador bolsonaristas, adem\u00e1s de romper su sigilo bancario, con el mismo objetivo de saber si financian campamentos y marchas en que se pide intervenci\u00f3n militar, adem\u00e1s del cierre del Congreso y del Supremo.<\/p>\n<p>Amparado por los militares incrustados en su gobierno, Bolsonaro desconoce l\u00edmites. Lleg\u00f3 a decir, a los gritos, que &#8220;\u00f3rdenes absurdas no se cumplen&#8221;, refiri\u00e9ndose a medidas determinadas por jueces de la corte m\u00e1xima. Adem\u00e1s, dijo ser &#8220;inadmisible&#8221; que el Tribunal Superior Electoral analice si en su campa\u00f1a recibi\u00f3 donaciones ilegales (hay indicios m\u00e1s que claros que lo hizo), tal como se est\u00e1 haciendo.<\/p>\n<p>Con actitudes como esa, lo que busca Bolsonaro es espacio para imponerse con poderes absolutos, eval\u00faan analistas dentro y fuera de Brasil. Queda por saber hasta qu\u00e9 punto lograr\u00e1 estirar la soga mientras insin\u00faa avanzar hasta con una ruptura con el Congreso y al Supremo.<\/p>\n","protected":false},"excerpt":{"rendered":"<p>El virus va devastando vidas frente a la inercia radical del gobierno brasile\u00f1o y la floja actitud de gobernadores y alcaldes cada vez m\u00e1s presionados por comerciantes y empresarios &nbsp; &nbsp; El 31 de mayo hab\u00eda en Brasil 500 mil infectados por el covid-19 y, acorde al divulgado por el ministerio de Salud, 16.144 muertos. Pasados diecis\u00e9is d\u00edas, a la una de la tarde de ayer los infectados eran 904.734 y las v\u00edctimas fatales 44.1657. A la noche, nueva actualizaci\u00f3n por el grupo de medios de comunicaci\u00f3n que buscan datos&#8230;<\/p>\n","protected":false},"author":3,"featured_media":63103,"comment_status":"closed","ping_status":"closed","sticky":false,"template":"","format":"standard","meta":[],"categories":[4],"tags":[],"_links":{"self":[{"href":"https:\/\/www.actualidadadiario.com\/index.php\/wp-json\/wp\/v2\/posts\/63102"}],"collection":[{"href":"https:\/\/www.actualidadadiario.com\/index.php\/wp-json\/wp\/v2\/posts"}],"about":[{"href":"https:\/\/www.actualidadadiario.com\/index.php\/wp-json\/wp\/v2\/types\/post"}],"author":[{"embeddable":true,"href":"https:\/\/www.actualidadadiario.com\/index.php\/wp-json\/wp\/v2\/users\/3"}],"replies":[{"embeddable":true,"href":"https:\/\/www.actualidadadiario.com\/index.php\/wp-json\/wp\/v2\/comments?post=63102"}],"version-history":[{"count":1,"href":"https:\/\/www.actualidadadiario.com\/index.php\/wp-json\/wp\/v2\/posts\/63102\/revisions"}],"predecessor-version":[{"id":63104,"href":"https:\/\/www.actualidadadiario.com\/index.php\/wp-json\/wp\/v2\/posts\/63102\/revisions\/63104"}],"wp:featuredmedia":[{"embeddable":true,"href":"https:\/\/www.actualidadadiario.com\/index.php\/wp-json\/wp\/v2\/media\/63103"}],"wp:attachment":[{"href":"https:\/\/www.actualidadadiario.com\/index.php\/wp-json\/wp\/v2\/media?parent=63102"}],"wp:term":[{"taxonomy":"category","embeddable":true,"href":"https:\/\/www.actualidadadiario.com\/index.php\/wp-json\/wp\/v2\/categories?post=63102"},{"taxonomy":"post_tag","embeddable":true,"href":"https:\/\/www.actualidadadiario.com\/index.php\/wp-json\/wp\/v2\/tags?post=63102"}],"curies":[{"name":"wp","href":"https:\/\/api.w.org\/{rel}","templated":true}]}}