{"id":63096,"date":"2020-06-17T12:57:23","date_gmt":"2020-06-17T15:57:23","guid":{"rendered":"https:\/\/www.actualidadadiario.com\/?p=63096"},"modified":"2020-06-17T12:57:23","modified_gmt":"2020-06-17T15:57:23","slug":"trump-firma-un-decreto-para-reducir-el-crimen-y-mejorar-los-estandares-de-la-policia","status":"publish","type":"post","link":"https:\/\/www.actualidadadiario.com\/index.php\/2020\/06\/17\/trump-firma-un-decreto-para-reducir-el-crimen-y-mejorar-los-estandares-de-la-policia\/","title":{"rendered":"Trump firma un decreto para &#8220;reducir el crimen&#8221; y &#8220;mejorar los est\u00e1ndares&#8221; de la Polic\u00eda"},"content":{"rendered":"<p style=\"text-align: center;\"><em><strong>&#8220;Tendremos una reforma, sin debilitar a nuestras talentosas fuerzas de seguridad&#8221;, dijo el presidente estadounidense<\/strong><\/em><\/p>\n<p>&nbsp;<\/p>\n<p>El presidente de Estados Unidos, Donald Trump, firm\u00f3 este martes un decreto para &#8220;reducir el crimen&#8221; y &#8220;mejorar los est\u00e1ndares&#8221; de las polic\u00edas, su primera medida concreta dirigida a los reclamos de las protestas contra el racismo y la brutalidad de las fuerzas de seguridad, desatadas por la muerte de George Floyd durante su detenci\u00f3n.<\/p>\n<p>&#8220;Reducir el crimen y mejorar los est\u00e1ndares (de las polic\u00edas) no son objetivos contradictorios. No necesitamos m\u00e1s tensi\u00f3n y divisi\u00f3n; necesitamos acercar a las fuerzas de seguridad y las comunidades, no separarlas&#8221;, asegur\u00f3 Trump en un mensaje a la naci\u00f3n desde el jard\u00edn de la Casa Blanca.<\/p>\n<p>&#8220;Tenemos que buscar un compromiso, pero me opongo terminantemente a los esfuerzos radicales y peligrosos de desfinanciar, desmantelar y disolver nuestros departamentos de polic\u00eda, especialmente ahora que conseguimos el nivel m\u00e1s bajos de cr\u00edmenes de nuestra historia reciente&#8221;, sostuvo en referencia a los reclamos del movimiento Black Lives Matter (Las Vidas Negras Importan).<\/p>\n<p>&#8220;Tendremos una reforma, sin debilitar a nuestras talentosas fuerzas de seguridad&#8221;, agreg\u00f3 Trump, seg\u00fan el canal de noticias ABC, y cada uno de los cambios de su decreto incluyen la voz y los argumentos de las polic\u00edas.<\/p>\n<p>&#8220;Con este decreto priorizaremos pr\u00e9stamos federales del Departamento de Justicia para los Departamentos de Polic\u00eda que busquen acreditar de manera independiente que cumplen con los est\u00e1ndares m\u00e1s altos en los entrenamientos de uso de la fuerza y para desescalar situaciones&#8221;, anunci\u00f3 el mandatario.<\/p>\n<p>&#8220;Muchos creen que un entrenamiento adecuado hubiera prevenido muertes tr\u00e1gicas. Por eso, como parte de este nuevo proceso de credenciales, se van a prohibir los estrangulamientos (en las detenciones), excepto si la vida de un oficial est\u00e1 en peligro&#8221;, asegur\u00f3.<\/p>\n<p>Tanto Minneapolis -donde fue asesinado Floyd- como Nueva York prohibi\u00f3 en los \u00faltimos d\u00edas el uso del estrangulamiento en las detenciones policiales, pero a diferencia del mandatario, no pusieron ninguna excepci\u00f3n.<\/p>\n<p>El decreto presidencial tambi\u00e9n exige que los departamentos de polic\u00eda &#8220;tengan y compartan informaci\u00f3n sobre abusos cre\u00edbles, para que los oficiales con problemas significativos no puedan simplemente cambiar de un departamento de polic\u00eda a otro&#8221;.<\/p>\n<p>Asimismo, destinar\u00e1 m\u00e1s fondos federales &#8220;para ayudar a los oficiales que tratan con personas que viven en las calles, tienen enfermedades mentales o un problema de adicci\u00f3n de droga&#8221;.<\/p>\n<p>&#8220;Daremos m\u00e1s fondos para personal como trabajadores sociales y oficiales que ayuden en estas situaciones complicadas&#8221;, explic\u00f3 el mandatario.<\/p>\n<p>Trump repiti\u00f3 una y otra vez que se trataba de &#8220;un gran paso&#8221;, se mostr\u00f3 &#8220;dispuesto&#8221; a aprobar futuras iniciativas que apruebe el Congreso y hasta destac\u00f3 que &#8220;el presidente (Barack) Obama y el vicepresidente (Joe) Biden nunca siquiera intentaron arreglar esto durante sus ocho a\u00f1os de gesti\u00f3n&#8221;.<\/p>\n<p>Sin embargo, las medidas anunciadas por el mandatario, quien desde el primer d\u00eda critic\u00f3 las protestas desatadas por el asesinato de Floyd en Minneapolis, pr\u00e1cticamente no tienen en cuenta ni los reclamos m\u00e1s profundos que siguen exigiendo los manifestantes en las calles ni tampoco las propuestas m\u00e1s moderadas de organizaciones civiles y l\u00edderes opositores que empezaron a discutirse o hasta fueron aprobadas en varias ciudades y estados.<\/p>\n<p>Muchos de estos cambios son parte de las jurisdicciones de gobernadores, alcaldes y de los poderes legislativos a nivel federal y local. Sin embargo, la comunidad afroestadounidense est\u00e1 reclamando al presidente reformas concretas que s\u00ed le competen a \u00e9l.<\/p>\n<p>Por ejemplo, suspender las ayudas directas a departamentos de polic\u00eda que hace a\u00f1os son utilizadas para militarizar a sus agentes, un proceso que, seg\u00fan organizaciones de derechos civiles y activistas afroestadounidenses, no hizo m\u00e1s que potenciar la brutalidad policial, especialmente contra esa y otras minor\u00edas.<\/p>\n","protected":false},"excerpt":{"rendered":"<p>&#8220;Tendremos una reforma, sin debilitar a nuestras talentosas fuerzas de seguridad&#8221;, dijo el presidente estadounidense &nbsp; El presidente de Estados Unidos, Donald Trump, firm\u00f3 este martes un decreto para &#8220;reducir el crimen&#8221; y &#8220;mejorar los est\u00e1ndares&#8221; de las polic\u00edas, su primera medida concreta dirigida a los reclamos de las protestas contra el racismo y la brutalidad de las fuerzas de seguridad, desatadas por la muerte de George Floyd durante su detenci\u00f3n. &#8220;Reducir el crimen y mejorar los est\u00e1ndares (de las polic\u00edas) no son objetivos contradictorios. No necesitamos m\u00e1s tensi\u00f3n y&#8230;<\/p>\n","protected":false},"author":3,"featured_media":63097,"comment_status":"closed","ping_status":"closed","sticky":false,"template":"","format":"standard","meta":[],"categories":[4],"tags":[],"_links":{"self":[{"href":"https:\/\/www.actualidadadiario.com\/index.php\/wp-json\/wp\/v2\/posts\/63096"}],"collection":[{"href":"https:\/\/www.actualidadadiario.com\/index.php\/wp-json\/wp\/v2\/posts"}],"about":[{"href":"https:\/\/www.actualidadadiario.com\/index.php\/wp-json\/wp\/v2\/types\/post"}],"author":[{"embeddable":true,"href":"https:\/\/www.actualidadadiario.com\/index.php\/wp-json\/wp\/v2\/users\/3"}],"replies":[{"embeddable":true,"href":"https:\/\/www.actualidadadiario.com\/index.php\/wp-json\/wp\/v2\/comments?post=63096"}],"version-history":[{"count":1,"href":"https:\/\/www.actualidadadiario.com\/index.php\/wp-json\/wp\/v2\/posts\/63096\/revisions"}],"predecessor-version":[{"id":63098,"href":"https:\/\/www.actualidadadiario.com\/index.php\/wp-json\/wp\/v2\/posts\/63096\/revisions\/63098"}],"wp:featuredmedia":[{"embeddable":true,"href":"https:\/\/www.actualidadadiario.com\/index.php\/wp-json\/wp\/v2\/media\/63097"}],"wp:attachment":[{"href":"https:\/\/www.actualidadadiario.com\/index.php\/wp-json\/wp\/v2\/media?parent=63096"}],"wp:term":[{"taxonomy":"category","embeddable":true,"href":"https:\/\/www.actualidadadiario.com\/index.php\/wp-json\/wp\/v2\/categories?post=63096"},{"taxonomy":"post_tag","embeddable":true,"href":"https:\/\/www.actualidadadiario.com\/index.php\/wp-json\/wp\/v2\/tags?post=63096"}],"curies":[{"name":"wp","href":"https:\/\/api.w.org\/{rel}","templated":true}]}}