{"id":63091,"date":"2020-06-17T12:55:17","date_gmt":"2020-06-17T15:55:17","guid":{"rendered":"https:\/\/www.actualidadadiario.com\/?p=63091"},"modified":"2020-06-17T12:55:17","modified_gmt":"2020-06-17T15:55:17","slug":"que-es-un-paciente-asintomatico-de-coronavirus","status":"publish","type":"post","link":"https:\/\/www.actualidadadiario.com\/index.php\/2020\/06\/17\/que-es-un-paciente-asintomatico-de-coronavirus\/","title":{"rendered":"Qu\u00e9 es un paciente asintom\u00e1tico de coronavirus"},"content":{"rendered":"<p style=\"text-align: center;\"><em><strong>El diagn\u00f3stico positivo en la ex gobernadora Vidal y la calificaci\u00f3n ante la ausencia de s\u00edntomas, pone en relieve una faceta de la enfermedad que resulta clave para detener su propagaci\u00f3n<\/strong><\/em><\/p>\n<p>&nbsp;<\/p>\n<p>&nbsp;<\/p>\n<p>Este martes, la ex gobernadora de la provincia de Buenos Aires, Mar\u00eda Eugenia Vidal, inform\u00f3 que contrajo coronavirus. Con un cuadro asintom\u00e1tico, el contacto con el diputado provincial Alex Campbell result\u00f3 clave para que la ex mandataria arrojara el test positivo, a pesar de no haber presentado manifestaciones de la enfermedad.<\/p>\n<p>De acuerdo a estimaciones de la Organizaci\u00f3n Mundial de la Salud (OMS), entre el 6 y el 41% de las pacientes con covid-19 pertenecen a la categor\u00eda de &#8220;asintom\u00e1ticos&#8221;, y en Argentina, desde el inicio del brote, este tipo de cuadro ya marcaba la necesidad por apostar al aislamiento como eje de contenci\u00f3n.<\/p>\n<p>&#8220;Estos tipos de pacientes tienen una respuesta inmunitaria conservada que es capaz de combatir eficientemente el virus durante la primera fase. Sin embargo, una persona con el covid-19 pero sin s\u00edntomas puede transmitir la infecci\u00f3n a otras personas en situaciones en que expulsa aire con fuerza&#8221;, informaron desde la OMS.<\/p>\n<p>Dentro de la distinci\u00f3n, se reclasifican las personas\u00a0 \u201crealmente asintom\u00e1ticas\u201d (que tienen el coronavirus pero no desarrollar\u00e1n s\u00edntomas) y las presintom\u00e1ticas (que a\u00fan no tienen s\u00edntomas pero los tendr\u00e1n unos d\u00edas m\u00e1s tarde).<\/p>\n<p>&#8220;Teniendo en cuenta que la cantidad de virus en la garganta alcanza su nivel m\u00e1s alto alrededor del d\u00eda en que aparecen los primeros s\u00edntomas, y que cuanto m\u00e1s virus expulsa una persona m\u00e1s contagiosa es, se considera que el mayor riesgo de contagio se produce en ese periodo&#8221;, subray\u00f3 Maria Van Kerkhove, jefa de la Unidad de Enfermedades Emergentes del organismo.<\/p>\n<p>En tanto, se desconoce qu\u00e9 porcentaje de personas que contraen la infecci\u00f3n son asintom\u00e1ticas, con estimaciones que oscilan desde el 6% hasta el 41% de los casos, seg\u00fan los estudios, mientras que tampoco se tiene certeza de cu\u00e1ntas de estas personas asintom\u00e1ticas pueden transmitir la infecci\u00f3n. Y se desconoce qu\u00e9 proporci\u00f3n de todos los contagios proceden de personas asintom\u00e1ticas o presintom\u00e1ticas.<\/p>\n<p>&#8220;Sabemos que si nos centramos en los casos sintom\u00e1ticos que pueden transmitir la infecci\u00f3n, los identificamos, los tratamos y buscamos a sus contactos, entonces podemos contener la epidemia\u201d, enfatizaron desde la OMS.<\/p>\n","protected":false},"excerpt":{"rendered":"<p>El diagn\u00f3stico positivo en la ex gobernadora Vidal y la calificaci\u00f3n ante la ausencia de s\u00edntomas, pone en relieve una faceta de la enfermedad que resulta clave para detener su propagaci\u00f3n &nbsp; &nbsp; Este martes, la ex gobernadora de la provincia de Buenos Aires, Mar\u00eda Eugenia Vidal, inform\u00f3 que contrajo coronavirus. Con un cuadro asintom\u00e1tico, el contacto con el diputado provincial Alex Campbell result\u00f3 clave para que la ex mandataria arrojara el test positivo, a pesar de no haber presentado manifestaciones de la enfermedad. De acuerdo a estimaciones de la&#8230;<\/p>\n","protected":false},"author":3,"featured_media":61923,"comment_status":"closed","ping_status":"closed","sticky":false,"template":"","format":"standard","meta":[],"categories":[4],"tags":[],"_links":{"self":[{"href":"https:\/\/www.actualidadadiario.com\/index.php\/wp-json\/wp\/v2\/posts\/63091"}],"collection":[{"href":"https:\/\/www.actualidadadiario.com\/index.php\/wp-json\/wp\/v2\/posts"}],"about":[{"href":"https:\/\/www.actualidadadiario.com\/index.php\/wp-json\/wp\/v2\/types\/post"}],"author":[{"embeddable":true,"href":"https:\/\/www.actualidadadiario.com\/index.php\/wp-json\/wp\/v2\/users\/3"}],"replies":[{"embeddable":true,"href":"https:\/\/www.actualidadadiario.com\/index.php\/wp-json\/wp\/v2\/comments?post=63091"}],"version-history":[{"count":1,"href":"https:\/\/www.actualidadadiario.com\/index.php\/wp-json\/wp\/v2\/posts\/63091\/revisions"}],"predecessor-version":[{"id":63092,"href":"https:\/\/www.actualidadadiario.com\/index.php\/wp-json\/wp\/v2\/posts\/63091\/revisions\/63092"}],"wp:featuredmedia":[{"embeddable":true,"href":"https:\/\/www.actualidadadiario.com\/index.php\/wp-json\/wp\/v2\/media\/61923"}],"wp:attachment":[{"href":"https:\/\/www.actualidadadiario.com\/index.php\/wp-json\/wp\/v2\/media?parent=63091"}],"wp:term":[{"taxonomy":"category","embeddable":true,"href":"https:\/\/www.actualidadadiario.com\/index.php\/wp-json\/wp\/v2\/categories?post=63091"},{"taxonomy":"post_tag","embeddable":true,"href":"https:\/\/www.actualidadadiario.com\/index.php\/wp-json\/wp\/v2\/tags?post=63091"}],"curies":[{"name":"wp","href":"https:\/\/api.w.org\/{rel}","templated":true}]}}