{"id":63085,"date":"2020-06-17T12:53:26","date_gmt":"2020-06-17T15:53:26","guid":{"rendered":"https:\/\/www.actualidadadiario.com\/?p=63085"},"modified":"2020-06-17T12:53:26","modified_gmt":"2020-06-17T15:53:26","slug":"el-gabinete-economico-define-el-plan-pospandemia","status":"publish","type":"post","link":"https:\/\/www.actualidadadiario.com\/index.php\/2020\/06\/17\/el-gabinete-economico-define-el-plan-pospandemia\/","title":{"rendered":"El gabinete econ\u00f3mico define el plan pospandemia"},"content":{"rendered":"<p style=\"text-align: center;\"><em><strong>Santiago Cafiero juntar\u00e1 a un equipo de ministros con el objetivo de discutir la agenda para reactivar la econom\u00eda. \u00bfQu\u00e9 pasar\u00e1 con el IFE y el ATP? El pago del aguinaldo tambi\u00e9n ser\u00e1 debatido<\/strong><\/em><\/p>\n<p>&nbsp;<\/p>\n<p>&nbsp;<\/p>\n<p>&nbsp;<\/p>\n<p>Cada mi\u00e9rcoles hay una reuni\u00f3n infaltable en la Casa Rosada. El jefe de Gabinete, Santiago Cafiero, cit\u00f3 al gabinete econ\u00f3mico en el horario estoico del mediod\u00eda.<\/p>\n<p>La mesa de los dise\u00f1adores de las pol\u00edticas econ\u00f3micas de Alberto Fern\u00e1ndez discutir\u00e1n la agenda de la post pandemia en el marco de asistencia por parte del Estado durante la cuarentena por el coronavirus.<\/p>\n<p>Al encuentro asistir\u00e1n la vicejefa de Gabinete, Cecilia Todesca; y los ministros de Econom\u00eda, Mart\u00edn Guzm\u00e1n; de Trabajo, Claudio Moroni, y de Desarrollo Productivo, Mat\u00edas Kulfas; la titular de la AFIP, Mercedes Marc\u00f3 del Pont; el presidente del Banco Central, Miguel \u00c1ngel Pesce; y la titular de la Anses, Fernanda Raverta.<\/p>\n<p>Desde la semana pasada, el equipo de gabinete trabaja en la readecuaci\u00f3n de las pol\u00edticas desarrolladas durante la pandemia como el Programa de Asistencia al Trabajo y la Producci\u00f3n (ATP) y el Ingreso Familiar de Emergencia (IFE).<\/p>\n<p>Uno de los planteos tiene que ver con la continuidad de estas pol\u00edticas de ayuda. El Gobierno argumenta que el 85 por ciento del pa\u00eds comenz\u00f3 a recuperar la capacidad productiva, por lo que analiza nuevas herramientas para mermar la asistencia a los sectores productivos activos.<\/p>\n<p>Otro de los puntos que se pondr\u00e1n sobre la mesa ser\u00e1 el pago en cuotas del aguinaldo a los empleados p\u00fablicos con sueldos mayores a los 80.000 pesos. As\u00ed se lo comunic\u00f3 ayer el ministro de Trabajo a los sindicatos estatales. El esquema de emergencia est\u00e1 atado a la crisis econ\u00f3mica provocada por la pandemia cuando adem\u00e1s de discute la paritaria para el a\u00f1o.<\/p>\n<p>La extensi\u00f3n del ATP para el pago del aguinaldo tambi\u00e9n forma parte de los reclamos de los privados. Hasta ahora, el Gobierno descart\u00f3 esta posibilidad de ayuda econ\u00f3mica para las empresas.<\/p>\n","protected":false},"excerpt":{"rendered":"<p>Santiago Cafiero juntar\u00e1 a un equipo de ministros con el objetivo de discutir la agenda para reactivar la econom\u00eda. \u00bfQu\u00e9 pasar\u00e1 con el IFE y el ATP? El pago del aguinaldo tambi\u00e9n ser\u00e1 debatido &nbsp; &nbsp; &nbsp; Cada mi\u00e9rcoles hay una reuni\u00f3n infaltable en la Casa Rosada. El jefe de Gabinete, Santiago Cafiero, cit\u00f3 al gabinete econ\u00f3mico en el horario estoico del mediod\u00eda. La mesa de los dise\u00f1adores de las pol\u00edticas econ\u00f3micas de Alberto Fern\u00e1ndez discutir\u00e1n la agenda de la post pandemia en el marco de asistencia por parte del&#8230;<\/p>\n","protected":false},"author":3,"featured_media":63086,"comment_status":"closed","ping_status":"closed","sticky":false,"template":"","format":"standard","meta":[],"categories":[18],"tags":[],"_links":{"self":[{"href":"https:\/\/www.actualidadadiario.com\/index.php\/wp-json\/wp\/v2\/posts\/63085"}],"collection":[{"href":"https:\/\/www.actualidadadiario.com\/index.php\/wp-json\/wp\/v2\/posts"}],"about":[{"href":"https:\/\/www.actualidadadiario.com\/index.php\/wp-json\/wp\/v2\/types\/post"}],"author":[{"embeddable":true,"href":"https:\/\/www.actualidadadiario.com\/index.php\/wp-json\/wp\/v2\/users\/3"}],"replies":[{"embeddable":true,"href":"https:\/\/www.actualidadadiario.com\/index.php\/wp-json\/wp\/v2\/comments?post=63085"}],"version-history":[{"count":1,"href":"https:\/\/www.actualidadadiario.com\/index.php\/wp-json\/wp\/v2\/posts\/63085\/revisions"}],"predecessor-version":[{"id":63087,"href":"https:\/\/www.actualidadadiario.com\/index.php\/wp-json\/wp\/v2\/posts\/63085\/revisions\/63087"}],"wp:featuredmedia":[{"embeddable":true,"href":"https:\/\/www.actualidadadiario.com\/index.php\/wp-json\/wp\/v2\/media\/63086"}],"wp:attachment":[{"href":"https:\/\/www.actualidadadiario.com\/index.php\/wp-json\/wp\/v2\/media?parent=63085"}],"wp:term":[{"taxonomy":"category","embeddable":true,"href":"https:\/\/www.actualidadadiario.com\/index.php\/wp-json\/wp\/v2\/categories?post=63085"},{"taxonomy":"post_tag","embeddable":true,"href":"https:\/\/www.actualidadadiario.com\/index.php\/wp-json\/wp\/v2\/tags?post=63085"}],"curies":[{"name":"wp","href":"https:\/\/api.w.org\/{rel}","templated":true}]}}