{"id":63083,"date":"2020-06-17T12:52:34","date_gmt":"2020-06-17T15:52:34","guid":{"rendered":"https:\/\/www.actualidadadiario.com\/?p=63083"},"modified":"2020-06-17T12:52:34","modified_gmt":"2020-06-17T15:52:34","slug":"arroyo-toma-el-ejemplo-de-podemos-en-espana-y-analiza-un-sistema-de-ingreso-universal","status":"publish","type":"post","link":"https:\/\/www.actualidadadiario.com\/index.php\/2020\/06\/17\/arroyo-toma-el-ejemplo-de-podemos-en-espana-y-analiza-un-sistema-de-ingreso-universal\/","title":{"rendered":"Arroyo toma el ejemplo de Podemos en Espa\u00f1a y analiza un sistema de ingreso universal"},"content":{"rendered":"<p style=\"text-align: center;\"><em><strong>El esquema se complementa con la urbanizaci\u00f3n de villas y un programa de inserci\u00f3n laboral. El proyecto de Podemos<\/strong><\/em><\/p>\n<p>&nbsp;<\/p>\n<p>&nbsp;<\/p>\n<p>El ministro Daniel Arroyo confirm\u00f3 que el gobierno analiza implementar un sistema de ingreso universal a la salida de la pandemia, tal como hizo Espa\u00f1a en base a una iniciativa de Podemos, la fuerza de izquierda que lidera Pablo Iglesias y conform\u00f3 un gobierno de coalici\u00f3n con los socialistas de Pedro S\u00e1nchez.<\/p>\n<p>&#8220;Es tiempo de construir nuevos paradigmas y nuevas pol\u00edticas sociales como lo ha planteado Espa\u00f1a. En ese esquema hay un sistema de ingreso base universal que se puede hacer&#8221;, destac\u00f3 el ministro de Desarrollo Social.<\/p>\n<p>El caso espa\u00f1ol contempla un pago mensual de entre 461 y 1.015 euros -de acuerdo al tama\u00f1o de la familia- que se mantendr\u00e1 m\u00e1s all\u00e1 del per\u00edodo de alarma y se espera que alcance a unas dos millones de personas que se encuentran por debajo del umbral de renta garantizada.<\/p>\n<p>Lo curioso es que se trata de un hist\u00f3rico proyecto de la formaci\u00f3n de izquierda liderada por el ahora vicepresidente de Derechos Sociales, que hasta hace pocos meses era rechazada por la amplia mayor\u00eda del arco pol\u00edtico y ahora ante la feroz recesi\u00f3n que dispar\u00f3 la pandemia, fue aprobado hasta con los votos del opositor Partido Popular y la abstenci\u00f3n del ultra derechista Vox.<\/p>\n<p>La idea es objeto de debate en toda Europa desde antes de la crisis del coronavirus por la desaparici\u00f3n de empleos ante el avance de la revoluci\u00f3n digital. En 2017, Suiza convoc\u00f3 a un refer\u00e9ndum para discutir esta tem\u00e1tica y el 78% rechaz\u00f3 la propuesta que preve\u00eda una renta de 2.500 francos (2.250 euros) para todo residente del pa\u00eds.<\/p>\n<p>A los pocos meses, Finlandia realiz\u00f3 un experimento entre dos mil personas desempleadas a las que se les pag\u00f3 el equivalente a 600 d\u00f3lares por mes durante dos a\u00f1os incluso si lograban conseguir un trabajo.<\/p>\n<p>Nuevamente, el descontento social provoc\u00f3 la discontinuidad de esta pol\u00edtica, que de todos modos, no modific\u00f3 el incentivo a la b\u00fasqueda de empleo, pero s\u00ed increment\u00f3 la &#8220;felicidad&#8221; y el &#8220;bienestar mental&#8221;, seg\u00fan los investigadores.<\/p>\n<p>El programa fue implementado por diversas alcald\u00edas y provincias gobernadas por fuerzas de izquierda alrededor del viejo continente, pero nunca por el gobierno nacional de un pa\u00eds. Ya con la propagaci\u00f3n del coronavirus, los debates se aceleraron y la Cepal recomend\u00f3 que Am\u00e9rica Latina deber\u00eda considerar su ejecuci\u00f3n por el brutal aumento de la pobreza.<\/p>\n<p>&#8220;Le hemos llamado Ingreso B\u00e1sico de Emergencia equivalente a una l\u00ednea de pobreza. Una l\u00ednea de pobreza que equivale aproximadamente a 143 d\u00f3lares del 2010. Y que esto se ponga en marcha durante seis meses para satisfacer las necesidades b\u00e1sicas y sostener el consumo de los hogares que es donde va a estar el gran impacto de la pandemia&#8221;, se\u00f1al\u00f3 el organismo.<\/p>\n<p>Seg\u00fan sus c\u00e1lculos, el gasto adicional por parte de los gobiernos ser\u00eda del 2,1% del PIB con un objetivo estrat\u00e9gico a largo plazo de implementar un ingreso b\u00e1sico universal de forma permanente cuyo financiamiento demandar\u00eda un gasto equivalente al 10% del PBI.<\/p>\n<p>&nbsp;<\/p>\n<p><strong>El plan de Arroyo<\/strong><\/p>\n<p>El ministro de Desarrollo Social argentino prev\u00e9 un escenario pospandemia muy complicado. Ya en estos momentos sostiene que la cantidad de personas con asistencia alimentaria pas\u00f3 de 8 a 11 millones y que el IFE est\u00e1 cubriendo al 53% de las familias del pa\u00eds.<\/p>\n<p>En ese marco es que trabaja en un plan con tres pilares fundamentales donde adem\u00e1s del ingreso universal, se sumar\u00eda un programa de inserci\u00f3n laboral y la urbanizaci\u00f3n de todas las villas del pa\u00eds -empezando por Capital y el Conurbano-, como propusieron Grabois y M\u00e1ximo Kirchner.<\/p>\n<p>&#8220;Tenemos cuatro mil asentamientos y en la pandemia qued\u00f3 demostrado la gravedad del hacinamiento y la falta de infraestructura b\u00e1sica&#8221;, indica Arroyo.<\/p>\n<p>En cuanto al &#8220;Programa Potenciar Trabajo&#8221;, el ministro explic\u00f3 que la idea es que las 570 mil personas que cobran un plan por la mitad del salario m\u00ednimo vean completado su ingreso con empleos tanto p\u00fablico como privado en cinco sectores estrat\u00e9gicos: construcci\u00f3n, producci\u00f3n de alimentos, textiles, econom\u00eda del cuidado y recolecci\u00f3n y reciclado de residuos urbanos.<\/p>\n<p>Al mismo tiempo, se busca establecer una l\u00ednea de cr\u00e9dito no bancario de 20.000 millones de pesos a tasas del 3% anual para la compra de m\u00e1quinas y herramientas en estos rubros productivos.<\/p>\n","protected":false},"excerpt":{"rendered":"<p>El esquema se complementa con la urbanizaci\u00f3n de villas y un programa de inserci\u00f3n laboral. El proyecto de Podemos &nbsp; &nbsp; El ministro Daniel Arroyo confirm\u00f3 que el gobierno analiza implementar un sistema de ingreso universal a la salida de la pandemia, tal como hizo Espa\u00f1a en base a una iniciativa de Podemos, la fuerza de izquierda que lidera Pablo Iglesias y conform\u00f3 un gobierno de coalici\u00f3n con los socialistas de Pedro S\u00e1nchez. &#8220;Es tiempo de construir nuevos paradigmas y nuevas pol\u00edticas sociales como lo ha planteado Espa\u00f1a. En ese&#8230;<\/p>\n","protected":false},"author":3,"featured_media":60638,"comment_status":"closed","ping_status":"closed","sticky":false,"template":"","format":"standard","meta":[],"categories":[18],"tags":[],"_links":{"self":[{"href":"https:\/\/www.actualidadadiario.com\/index.php\/wp-json\/wp\/v2\/posts\/63083"}],"collection":[{"href":"https:\/\/www.actualidadadiario.com\/index.php\/wp-json\/wp\/v2\/posts"}],"about":[{"href":"https:\/\/www.actualidadadiario.com\/index.php\/wp-json\/wp\/v2\/types\/post"}],"author":[{"embeddable":true,"href":"https:\/\/www.actualidadadiario.com\/index.php\/wp-json\/wp\/v2\/users\/3"}],"replies":[{"embeddable":true,"href":"https:\/\/www.actualidadadiario.com\/index.php\/wp-json\/wp\/v2\/comments?post=63083"}],"version-history":[{"count":1,"href":"https:\/\/www.actualidadadiario.com\/index.php\/wp-json\/wp\/v2\/posts\/63083\/revisions"}],"predecessor-version":[{"id":63084,"href":"https:\/\/www.actualidadadiario.com\/index.php\/wp-json\/wp\/v2\/posts\/63083\/revisions\/63084"}],"wp:featuredmedia":[{"embeddable":true,"href":"https:\/\/www.actualidadadiario.com\/index.php\/wp-json\/wp\/v2\/media\/60638"}],"wp:attachment":[{"href":"https:\/\/www.actualidadadiario.com\/index.php\/wp-json\/wp\/v2\/media?parent=63083"}],"wp:term":[{"taxonomy":"category","embeddable":true,"href":"https:\/\/www.actualidadadiario.com\/index.php\/wp-json\/wp\/v2\/categories?post=63083"},{"taxonomy":"post_tag","embeddable":true,"href":"https:\/\/www.actualidadadiario.com\/index.php\/wp-json\/wp\/v2\/tags?post=63083"}],"curies":[{"name":"wp","href":"https:\/\/api.w.org\/{rel}","templated":true}]}}