{"id":63074,"date":"2020-06-17T12:49:54","date_gmt":"2020-06-17T15:49:54","guid":{"rendered":"https:\/\/www.actualidadadiario.com\/?p=63074"},"modified":"2020-06-17T12:49:54","modified_gmt":"2020-06-17T15:49:54","slug":"nacion-sello-prestamos-por-13-600-millones-para-aguinaldo-y-deudas","status":"publish","type":"post","link":"https:\/\/www.actualidadadiario.com\/index.php\/2020\/06\/17\/nacion-sello-prestamos-por-13-600-millones-para-aguinaldo-y-deudas\/","title":{"rendered":"Naci\u00f3n sell\u00f3 pr\u00e9stamos por $13.600 millones para aguinaldo y deudas"},"content":{"rendered":"<p style=\"text-align: center;\"><em><strong>R\u00fabrica v\u00eda teleconferencia con el cordob\u00e9s Juan Schiaretti, el santafesino Omar Perotti, el misionero Oscar Herrera Ahuad y la santacruce\u00f1a Alicia Kirchner. Ya son nueve los gobernadores que accedieron a la asistencia del Fondo Fiduciario para el Desarrollo Provincial, por $ 35.600 millones<\/strong><\/em><\/p>\n<p>&nbsp;<\/p>\n<p>En la antesala de la discusi\u00f3n en el Congreso del proyecto del oficialismo para expropiar la empresa Vicentin, el Gobierno de Alberto Fern\u00e1ndez rubric\u00f3 este martes un pr\u00e9stamo con tasas preferenciales por $ 4.800 millones con el cordob\u00e9s Juan Schiaretti, y otro por $ 4.600 millones con el santafesino Omar Perotti, dos peronistas de la Regi\u00f3n Centro golpeados por la ca\u00edda de los ingresos por la pandemia, y que comandan provincias de profunda ra\u00edz agropecuaria donde se instal\u00f3 con fuerza el debate.<\/p>\n<p>La firma -v\u00eda teleconferencia- fue en rigor m\u00e1s amplia y por $ 13.600 millones, ya que alcanz\u00f3 adem\u00e1s a la santacruce\u00f1a Alicia Kirchner y al misionero Oscar Herrera Ahuad, que se aseguraron del Fondo Fiduciario para el Desarrollo Provincial una tajada de $ 3.000 millones y $ 1.200 millones, respectivamente.<\/p>\n<p>Con esa asistencia Perotti apuntalar\u00e1 el pago de los aguinaldos desde el 25, mientras que parte de los recursos ir\u00e1n a ese destino tambi\u00e9n en Santa Cruz, adem\u00e1s de a municipios. Por su parte, Schiaretti los utilizar\u00e1 para cancelar deudas, en una provincia que tiene como pol\u00edtica que los cr\u00e9ditos no son destinados a gastos corrientes. Pende a\u00fan la definici\u00f3n del cronograma del aguinaldo.<\/p>\n<p>La r\u00fabrica cordobesa de este martes pareci\u00f3 por un momento naufragar ante la falta del env\u00edo del convenio de rigor, que en la provincia atribuyeron a una desinteligencia burocr\u00e1tica y no a la coyuntura pol\u00edtico\/parlamentaria. Por la ma\u00f1ana, C\u00f3rdoba hab\u00eda recibido al ministro de Desarrollo Productivo nacional, Mat\u00edas Kulfas, para la inauguraci\u00f3n de una l\u00ednea de cajas de transmisi\u00f3n en Volkswagen, aunque estuvo el vicegobernador Manuel Calvo y no Schiaretti, por consejo m\u00e9dico para evitar riesgos por la edad y por ser diab\u00e9tico.<\/p>\n<p>Junto con los cr\u00e9ditos rubricados d\u00edas atr\u00e1s por Tucum\u00e1n (6.000 millones), Chubut (5.000 millones), Neuqu\u00e9n (5.000 millones), Entre R\u00edos (3.500 millones) y Chaco (2.500 millones), ya son nueve los mandatarios que se sumaron a esta asistencia, definida para enfrentar el impacto de la pandemia. El Fondo ya deline\u00f3, as\u00ed, pr\u00e9stamos por $ 35.600 millones.<\/p>\n<p>La postal de este martes se da en la previa de la discusi\u00f3n en el Congreso del proyecto de expropiaci\u00f3n de la santafesina Vicentin, impulsado por el Frente de Todos. La mirada est\u00e1 puesta en los cuatro diputados nacionales del bloque C\u00f3rdoba Federal, alineados con Schiaretti. En l\u00ednea con el hermetismo instalado en El Panal, los legisladores a\u00fan no hicieron p\u00fablica la postura que llevar\u00e1n al recinto, donde cada voto ser\u00e1 clave.<\/p>\n<p>Esta semana Carlos Guti\u00e9rrez, Alejandra Vigo, Paulo Cassinerio y Claudia M\u00e1rquez mantendr\u00e1n un encuentro con la Mesa de Enlace cordobesa, que ya se llev\u00f3 el lunes, en una reuni\u00f3n en la Sociedad Rural de Jes\u00fas Mar\u00eda, el compromiso del rechazo a la iniciativa por parte de los legisladores nacionales cordobeses de Juntos por el Cambio. \u201cEst\u00e1 en juego la propiedad privada\u201d, dijo el presidente del interbloque, Mario Negri.<\/p>\n<p>De la r\u00fabrica este martes de los cr\u00e9ditos-que son parte de la asistencia a las provincias por $ 120 mil millones por la pandemia- participaron desde la Casa Rosada el Jefe de Gabinete, Santiago Cafiero; y los ministros del Interior, Eduardo \u201cWado\u201d de Pedro, y de Econom\u00eda, Mart\u00edn Guzm\u00e1n, adem\u00e1s de la secretaria de Relaciones con las Provincias, Silvina Batakis. Se trata de pr\u00e9stamos en 36 cuotas con pagos desde enero de 2021. Los fondos se distribuyen en un 40% en base al \u00edndice de poblaci\u00f3n con Necesidades B\u00e1sicas Insatisfechas y de cuentapropistas (INDEC) y de las personas contagiadas por Covid-19 cada 100 mil habitantes que publica el Ministerio de Salud.<\/p>\n<p>\u201cEs muy importante el desarrollo de estas pol\u00edticas porque actualmente el efecto de la pandemia est\u00e1 circunscrito, sobre todo, al AMBA y es necesario seguir avanzando con la apertura que se est\u00e1 llevando en el resto de las provincias argentinas\u201d, afirm\u00f3 el jefe de Gabinete.<\/p>\n<p>Por su parte, el ministro de Econom\u00eda hizo hincapi\u00e9 en la \u201cagenda federal\u201d y sostuvo que se avanza en \u201cacompa\u00f1ar a las provincias en este contexto complejo de la econom\u00eda y que la post pandemia tenga mejor horizonte para el pa\u00eds\u201d. \u201cTrabajamos por una Argentina de pie, inclusiva y equitativa\u201d, agreg\u00f3.<\/p>\n<p>A su turno Batakis resalt\u00f3 que &#8220;este programa contempla dos elementos: los que tienen que ver con los fondos de ATN y adem\u00e1s con el Fondo Fiduciario de Desarrollo Provincial mediante el cual se dispuso el pr\u00e9stamo a las provincias de 60 mil millones de pesos en cr\u00e9ditos blandos con un inter\u00e9s del 0,10% con un plazo de gracia hasta el 31 de diciembre&#8221;.<\/p>\n<p>Por su parte, la gobernadora Kirchner brind\u00f3 su respaldo a la renegociaci\u00f3n de la deuda que encara la administraci\u00f3n de Alberto Fern\u00e1ndez. \u201cDesde la provincia de Santa Cruz est\u00e1 todo nuestro apoyo; como ya dije en otras oportunidades, necesitamos que la Argentina tome el rumbo que se merece dentro del marco de soberan\u00eda e independencia pol\u00edtica y econ\u00f3mica, nos lo merecemos\u201d, recalc\u00f3.<\/p>\n","protected":false},"excerpt":{"rendered":"<p>R\u00fabrica v\u00eda teleconferencia con el cordob\u00e9s Juan Schiaretti, el santafesino Omar Perotti, el misionero Oscar Herrera Ahuad y la santacruce\u00f1a Alicia Kirchner. Ya son nueve los gobernadores que accedieron a la asistencia del Fondo Fiduciario para el Desarrollo Provincial, por $ 35.600 millones &nbsp; En la antesala de la discusi\u00f3n en el Congreso del proyecto del oficialismo para expropiar la empresa Vicentin, el Gobierno de Alberto Fern\u00e1ndez rubric\u00f3 este martes un pr\u00e9stamo con tasas preferenciales por $ 4.800 millones con el cordob\u00e9s Juan Schiaretti, y otro por $ 4.600 millones&#8230;<\/p>\n","protected":false},"author":3,"featured_media":63075,"comment_status":"closed","ping_status":"closed","sticky":false,"template":"","format":"standard","meta":[],"categories":[18],"tags":[],"_links":{"self":[{"href":"https:\/\/www.actualidadadiario.com\/index.php\/wp-json\/wp\/v2\/posts\/63074"}],"collection":[{"href":"https:\/\/www.actualidadadiario.com\/index.php\/wp-json\/wp\/v2\/posts"}],"about":[{"href":"https:\/\/www.actualidadadiario.com\/index.php\/wp-json\/wp\/v2\/types\/post"}],"author":[{"embeddable":true,"href":"https:\/\/www.actualidadadiario.com\/index.php\/wp-json\/wp\/v2\/users\/3"}],"replies":[{"embeddable":true,"href":"https:\/\/www.actualidadadiario.com\/index.php\/wp-json\/wp\/v2\/comments?post=63074"}],"version-history":[{"count":1,"href":"https:\/\/www.actualidadadiario.com\/index.php\/wp-json\/wp\/v2\/posts\/63074\/revisions"}],"predecessor-version":[{"id":63076,"href":"https:\/\/www.actualidadadiario.com\/index.php\/wp-json\/wp\/v2\/posts\/63074\/revisions\/63076"}],"wp:featuredmedia":[{"embeddable":true,"href":"https:\/\/www.actualidadadiario.com\/index.php\/wp-json\/wp\/v2\/media\/63075"}],"wp:attachment":[{"href":"https:\/\/www.actualidadadiario.com\/index.php\/wp-json\/wp\/v2\/media?parent=63074"}],"wp:term":[{"taxonomy":"category","embeddable":true,"href":"https:\/\/www.actualidadadiario.com\/index.php\/wp-json\/wp\/v2\/categories?post=63074"},{"taxonomy":"post_tag","embeddable":true,"href":"https:\/\/www.actualidadadiario.com\/index.php\/wp-json\/wp\/v2\/tags?post=63074"}],"curies":[{"name":"wp","href":"https:\/\/api.w.org\/{rel}","templated":true}]}}