{"id":63071,"date":"2020-06-17T12:49:03","date_gmt":"2020-06-17T15:49:03","guid":{"rendered":"https:\/\/www.actualidadadiario.com\/?p=63071"},"modified":"2020-06-17T12:49:03","modified_gmt":"2020-06-17T15:49:03","slug":"alberto-participara-del-acto-por-el-dia-de-la-bandera-en-forma-virtual","status":"publish","type":"post","link":"https:\/\/www.actualidadadiario.com\/index.php\/2020\/06\/17\/alberto-participara-del-acto-por-el-dia-de-la-bandera-en-forma-virtual\/","title":{"rendered":"Alberto participar\u00e1 del acto por el D\u00eda de la Bandera en forma virtual"},"content":{"rendered":"<p style=\"text-align: center;\"><em><strong>El Presidente decidi\u00f3 no encabezar la actividad en el Monumento de la Bandera para &#8220;preservar la cuesti\u00f3n sanitaria y respetar el aislamiento&#8221;, pero de todos modos ser\u00e1 de la conmemoraci\u00f3n del 200 aniversario del fallecimiento del creador de la bandera nacional, Manuel Belgrano, virtualmente, desde Buenos Aires<\/strong><\/em><\/p>\n<p>&nbsp;<\/p>\n<p>Finalmente, se confirm\u00f3 de forma oficial que el presidente Alberto Fern\u00e1ndez participar\u00e1 del acto por el D\u00eda de la Bandera, el pr\u00f3ximo s\u00e1bado 20 de junio, de manera virtual, debido a que no se trasladar\u00e1 a la ciudad santafesina de Rosario, donde tradicionalmente se realiza la ceremonia.<\/p>\n<p>Seg\u00fan se inform\u00f3, el jefe de Estado decidi\u00f3 no encabezar el acto en el Monumento de la Bandera para &#8220;preservar la cuesti\u00f3n sanitaria y respetar el aislamiento en el marco de la pandemia por el Covid-19&#8221;.<\/p>\n<p>Con el cambio de modalidad, el Presidente participar\u00e1 virtualmente y desde Buenos Aires de la conmemoraci\u00f3n del 200 aniversario del fallecimiento del creador de la bandera nacional, Manuel Belgrano.<\/p>\n<p>La decisi\u00f3n viene a pocos d\u00edas de que se conozca que el intendente de Lomas de Zamora, Mart\u00edn Insaurralde, dio positivo de Covid-19. Como hab\u00eda tenido contacto estrecho con Daniel Arroyo, ministro de Desarrollo Social que en ese momento se encontraba con Fern\u00e1ndez en el interior, eso gener\u00f3 que el funcionario nacional debiera quedar aislado instant\u00e1neamente (luego fue hisopado y no tiene coronavirus) y se generara alarma en el entorno presidencial.<\/p>\n","protected":false},"excerpt":{"rendered":"<p>El Presidente decidi\u00f3 no encabezar la actividad en el Monumento de la Bandera para &#8220;preservar la cuesti\u00f3n sanitaria y respetar el aislamiento&#8221;, pero de todos modos ser\u00e1 de la conmemoraci\u00f3n del 200 aniversario del fallecimiento del creador de la bandera nacional, Manuel Belgrano, virtualmente, desde Buenos Aires &nbsp; Finalmente, se confirm\u00f3 de forma oficial que el presidente Alberto Fern\u00e1ndez participar\u00e1 del acto por el D\u00eda de la Bandera, el pr\u00f3ximo s\u00e1bado 20 de junio, de manera virtual, debido a que no se trasladar\u00e1 a la ciudad santafesina de Rosario, donde&#8230;<\/p>\n","protected":false},"author":3,"featured_media":63072,"comment_status":"closed","ping_status":"closed","sticky":false,"template":"","format":"standard","meta":[],"categories":[9],"tags":[],"_links":{"self":[{"href":"https:\/\/www.actualidadadiario.com\/index.php\/wp-json\/wp\/v2\/posts\/63071"}],"collection":[{"href":"https:\/\/www.actualidadadiario.com\/index.php\/wp-json\/wp\/v2\/posts"}],"about":[{"href":"https:\/\/www.actualidadadiario.com\/index.php\/wp-json\/wp\/v2\/types\/post"}],"author":[{"embeddable":true,"href":"https:\/\/www.actualidadadiario.com\/index.php\/wp-json\/wp\/v2\/users\/3"}],"replies":[{"embeddable":true,"href":"https:\/\/www.actualidadadiario.com\/index.php\/wp-json\/wp\/v2\/comments?post=63071"}],"version-history":[{"count":1,"href":"https:\/\/www.actualidadadiario.com\/index.php\/wp-json\/wp\/v2\/posts\/63071\/revisions"}],"predecessor-version":[{"id":63073,"href":"https:\/\/www.actualidadadiario.com\/index.php\/wp-json\/wp\/v2\/posts\/63071\/revisions\/63073"}],"wp:featuredmedia":[{"embeddable":true,"href":"https:\/\/www.actualidadadiario.com\/index.php\/wp-json\/wp\/v2\/media\/63072"}],"wp:attachment":[{"href":"https:\/\/www.actualidadadiario.com\/index.php\/wp-json\/wp\/v2\/media?parent=63071"}],"wp:term":[{"taxonomy":"category","embeddable":true,"href":"https:\/\/www.actualidadadiario.com\/index.php\/wp-json\/wp\/v2\/categories?post=63071"},{"taxonomy":"post_tag","embeddable":true,"href":"https:\/\/www.actualidadadiario.com\/index.php\/wp-json\/wp\/v2\/tags?post=63071"}],"curies":[{"name":"wp","href":"https:\/\/api.w.org\/{rel}","templated":true}]}}