{"id":63060,"date":"2020-06-17T12:44:34","date_gmt":"2020-06-17T15:44:34","guid":{"rendered":"https:\/\/www.actualidadadiario.com\/?p=63060"},"modified":"2020-06-17T12:44:34","modified_gmt":"2020-06-17T15:44:34","slug":"la-capital-de-jujuy-y-alrededores-vuelven-a-la-fase-1-del-aislamiento","status":"publish","type":"post","link":"https:\/\/www.actualidadadiario.com\/index.php\/2020\/06\/17\/la-capital-de-jujuy-y-alrededores-vuelven-a-la-fase-1-del-aislamiento\/","title":{"rendered":"La capital de Jujuy y alrededores vuelven a la fase 1 del aislamiento"},"content":{"rendered":"<p style=\"text-align: center;\"><em><strong>El gobernador de Jujuy, Gerardo Morales, anunci\u00f3 que se regresa a la etapa m\u00e1s estricta del confinamiento luego de detectarse dos casos que tuvieron contacto con muchas personas<\/strong><\/em><\/p>\n<p>&nbsp;<\/p>\n<p>&nbsp;<\/p>\n<p>La ciudad de San Salvador de Jujuy, Peric\u00f3 y Palpal\u00e1 volver\u00e1n este mi\u00e9rcoles a la fase 1 del aislamiento social, preventivo y obligatorio por el t\u00e9rmino de una semana luego de que se detectaran dos casos positivos de coronavirus Covid-19 en personas que mantuvieron contacto estrecho con otras.<\/p>\n<p>&#8220;Se para toda la actividad p\u00fablica, la actividad judicial, y todo tipo de actividad habilitada hasta el momento en el \u00e1rea metropolitana&#8221;, expres\u00f3 el funcionario provincial en una conferencia de prensa, y agreg\u00f3: &#8220;El transporte ser\u00e1 solamente para transportar al personal esencial que s\u00ed va a estar cumpliendo las tareas&#8221;.<\/p>\n<p>De acuerdo precisiones de Morales, los dos infectados son un polic\u00eda y su hermana que habitan en la capital provincial aunque no se conoce el origen.<\/p>\n<p>&#8220;El personal de la fuerza de seguridad estuvo en la Quiaca, en donde durmi\u00f3 en la casa de una familia; despu\u00e9s estuvo en un operativo en Fraile y Calilegua&#8221;, puntualiz\u00f3.<\/p>\n<p>En cuanto a la familiar del agente se detall\u00f3 que trabaja en la localidad de Peric\u00f3 y, a pesar de resultar negativa en el primer test, el segundo fue positivo.<\/p>\n<p>&#8220;Hay un \u00e1rbol de contactos bastante importante. Ya tenemos una cantidad de personas que est\u00e1n en el hospital de campa\u00f1a&#8221;, cont\u00f3 el gobernador y no descart\u00f3 que otro hermano de ambos haya sido infectado.<\/p>\n<p>El domingo, Morales determin\u00f3 que la localidad de La Quiaca retornara a la fase 1 del confinamiento tras seis nuevos casos de coronavirus en la ciudad boliviana fronteriza de Villaz\u00f3n.<\/p>\n<p>Frente a este caso, el ministro de Educaci\u00f3n, Nicol\u00e1s Trotta, expres\u00f3 este martes que &#8220;no corresponde&#8221; que la provincia de Jujuy inicie las clases, &#8220;mucho menos despu\u00e9s de los hechos en La Quiaca junto al comienzo del invierno&#8221;.<\/p>\n<p>&#8220;Creemos que es algo que no corresponde, no est\u00e1n dadas las circunstancias y mucho m\u00e1s despu\u00e9s de los hechos de las \u00faltimas horas en La Quiaca y el inicio del invierno. Hay una carta firmada por los docentes y las familias pidiendo que se revea la medida y esto ya lo he hablado con el gobernador&#8221;, expres\u00f3 el titular de Educaci\u00f3n.<\/p>\n<p>Jujuy fue una de las provincias que hab\u00eda habilitado el turismo interno, pero tras este retroceso esta actividad, una de las m\u00e1s importantes en el distrito, se ver\u00e1 afectada de forma considerable.<\/p>\n<p>Este fin de semana largo, la presidenta de la C\u00e1mara de Turismo de Jujuy, Graciela Mill\u00e1n, en di\u00e1logo con la agencia de noticias T\u00e9lam, se refiri\u00f3 inicialmente a los primeros d\u00edas de habilitaci\u00f3n del turismo interno y afirm\u00f3 que \u201cse registr\u00f3 movimiento, en algunas zonas m\u00e1s que otras\u201d, pero que \u201cla gente tiene mucho miedo\u201d.<\/p>\n","protected":false},"excerpt":{"rendered":"<p>El gobernador de Jujuy, Gerardo Morales, anunci\u00f3 que se regresa a la etapa m\u00e1s estricta del confinamiento luego de detectarse dos casos que tuvieron contacto con muchas personas &nbsp; &nbsp; La ciudad de San Salvador de Jujuy, Peric\u00f3 y Palpal\u00e1 volver\u00e1n este mi\u00e9rcoles a la fase 1 del aislamiento social, preventivo y obligatorio por el t\u00e9rmino de una semana luego de que se detectaran dos casos positivos de coronavirus Covid-19 en personas que mantuvieron contacto estrecho con otras. &#8220;Se para toda la actividad p\u00fablica, la actividad judicial, y todo tipo&#8230;<\/p>\n","protected":false},"author":3,"featured_media":63061,"comment_status":"closed","ping_status":"closed","sticky":false,"template":"","format":"standard","meta":[],"categories":[2],"tags":[],"_links":{"self":[{"href":"https:\/\/www.actualidadadiario.com\/index.php\/wp-json\/wp\/v2\/posts\/63060"}],"collection":[{"href":"https:\/\/www.actualidadadiario.com\/index.php\/wp-json\/wp\/v2\/posts"}],"about":[{"href":"https:\/\/www.actualidadadiario.com\/index.php\/wp-json\/wp\/v2\/types\/post"}],"author":[{"embeddable":true,"href":"https:\/\/www.actualidadadiario.com\/index.php\/wp-json\/wp\/v2\/users\/3"}],"replies":[{"embeddable":true,"href":"https:\/\/www.actualidadadiario.com\/index.php\/wp-json\/wp\/v2\/comments?post=63060"}],"version-history":[{"count":1,"href":"https:\/\/www.actualidadadiario.com\/index.php\/wp-json\/wp\/v2\/posts\/63060\/revisions"}],"predecessor-version":[{"id":63062,"href":"https:\/\/www.actualidadadiario.com\/index.php\/wp-json\/wp\/v2\/posts\/63060\/revisions\/63062"}],"wp:featuredmedia":[{"embeddable":true,"href":"https:\/\/www.actualidadadiario.com\/index.php\/wp-json\/wp\/v2\/media\/63061"}],"wp:attachment":[{"href":"https:\/\/www.actualidadadiario.com\/index.php\/wp-json\/wp\/v2\/media?parent=63060"}],"wp:term":[{"taxonomy":"category","embeddable":true,"href":"https:\/\/www.actualidadadiario.com\/index.php\/wp-json\/wp\/v2\/categories?post=63060"},{"taxonomy":"post_tag","embeddable":true,"href":"https:\/\/www.actualidadadiario.com\/index.php\/wp-json\/wp\/v2\/tags?post=63060"}],"curies":[{"name":"wp","href":"https:\/\/api.w.org\/{rel}","templated":true}]}}