{"id":63049,"date":"2020-06-17T12:41:17","date_gmt":"2020-06-17T15:41:17","guid":{"rendered":"https:\/\/www.actualidadadiario.com\/?p=63049"},"modified":"2020-06-17T12:41:17","modified_gmt":"2020-06-17T15:41:17","slug":"nacion-evaluara-el-retorno-de-los-viajes-de-egresados","status":"publish","type":"post","link":"https:\/\/www.actualidadadiario.com\/index.php\/2020\/06\/17\/nacion-evaluara-el-retorno-de-los-viajes-de-egresados\/","title":{"rendered":"Naci\u00f3n evaluar\u00e1 el retorno de los viajes de egresados"},"content":{"rendered":"<p style=\"text-align: center;\"><em><strong>Desde su cuenta oficial de Twitter, el Ministro de Educaci\u00f3n de la Rep\u00fablica Argentina Nicol\u00e1s Trotta anunci\u00f3 que junto a la gobernadora de R\u00edo Negro Arabela Carreras, el Ministro de Turismo y Deportes Mat\u00edas Lammens, pares del Ministerio de Turismo y Deportes y operadores tur\u00edsticos dialogaron sobre c\u00f3mo y cu\u00e1ndo podr\u00e1n llevarse a cabo los viajes de egresados a Bariloche. La gobernadora Arabela Carreras hab\u00eda anunciado con anticipaci\u00f3n del encuentro<\/strong><\/em><\/p>\n<p>&nbsp;<\/p>\n<p>Asimismo coment\u00f3 que habr\u00eda una teleconferencia con los ministros de Educaci\u00f3n y Turismo y Deportes de Naci\u00f3n para que los empresarios les expliquen \u201cc\u00f3mo se preparan\u201d para recibir a los contingentes. Los grupos de egresados no podr\u00e1n disfrutar de la nieve este a\u00f1o, llegar\u00e1n a partir de septiembre. Los viajes de egresados a Bariloche se postergan, entonces, hasta el mes de septiembre.<\/p>\n<p>En el encuentro se defini\u00f3 una posible fecha por teleconferencia, la cual no fue anunciada a\u00fan. \u201cEl ministro de Educaci\u00f3n, Nicol\u00e1s Trotta, se\u00f1al\u00f3 la importancia que tiene el cumplimiento de ese sue\u00f1o que tienen miles de chicos y chicas que quieren venir a hacer su viaje de estudio, todo lo que hace al turismo estudiantil\u201d, sostuvo la gobernadora. D\u00edas atr\u00e1s desde el sector empresarial hab\u00edan planteado la falta de certezas al respecto.<\/p>\n<p>La informaci\u00f3n que difundieron era de un posible retorno de la actividad para septiembre. Aunque ahora surgi\u00f3 la posibilidad de que se pueda adelantar. \u201cEste es un objetivo que nos ponemos tanto del Ministerio de Turismo, Cultura y Deportes como de Educaci\u00f3n de la provincia y a nivel nacional, por supuesto, el ministro Lammes y Trotta est\u00e1n muy preocupados para lograr este objetivo de que los chicos tengan su viaje de estudio\u201d, afirm\u00f3 Carreras.<\/p>\n<p>Cabe mencionar que seg\u00fan la funcionaria en la reuni\u00f3n se convoc\u00f3 \u201cal sector empresarial que trabaja con los estudiantes y asimismo se mostr\u00f3 a ambos ministros en una teleconferencia c\u00f3mo Bariloche se prepara para recibir a los estudiantes\u201d. \u201cC\u00f3mo hemos trabajado los protocolos, c\u00f3mo el sector privado tiene una capacidad de trabajo extraordinaria y se prepara de una manera muy responsable para lograr que muy pronto vuelvan los estudiantes a Bariloche\u201d, enfatiz\u00f3 Carreras.<\/p>\n","protected":false},"excerpt":{"rendered":"<p>Desde su cuenta oficial de Twitter, el Ministro de Educaci\u00f3n de la Rep\u00fablica Argentina Nicol\u00e1s Trotta anunci\u00f3 que junto a la gobernadora de R\u00edo Negro Arabela Carreras, el Ministro de Turismo y Deportes Mat\u00edas Lammens, pares del Ministerio de Turismo y Deportes y operadores tur\u00edsticos dialogaron sobre c\u00f3mo y cu\u00e1ndo podr\u00e1n llevarse a cabo los viajes de egresados a Bariloche. La gobernadora Arabela Carreras hab\u00eda anunciado con anticipaci\u00f3n del encuentro &nbsp; Asimismo coment\u00f3 que habr\u00eda una teleconferencia con los ministros de Educaci\u00f3n y Turismo y Deportes de Naci\u00f3n para que&#8230;<\/p>\n","protected":false},"author":3,"featured_media":63050,"comment_status":"closed","ping_status":"closed","sticky":false,"template":"","format":"standard","meta":[],"categories":[9],"tags":[],"_links":{"self":[{"href":"https:\/\/www.actualidadadiario.com\/index.php\/wp-json\/wp\/v2\/posts\/63049"}],"collection":[{"href":"https:\/\/www.actualidadadiario.com\/index.php\/wp-json\/wp\/v2\/posts"}],"about":[{"href":"https:\/\/www.actualidadadiario.com\/index.php\/wp-json\/wp\/v2\/types\/post"}],"author":[{"embeddable":true,"href":"https:\/\/www.actualidadadiario.com\/index.php\/wp-json\/wp\/v2\/users\/3"}],"replies":[{"embeddable":true,"href":"https:\/\/www.actualidadadiario.com\/index.php\/wp-json\/wp\/v2\/comments?post=63049"}],"version-history":[{"count":1,"href":"https:\/\/www.actualidadadiario.com\/index.php\/wp-json\/wp\/v2\/posts\/63049\/revisions"}],"predecessor-version":[{"id":63051,"href":"https:\/\/www.actualidadadiario.com\/index.php\/wp-json\/wp\/v2\/posts\/63049\/revisions\/63051"}],"wp:featuredmedia":[{"embeddable":true,"href":"https:\/\/www.actualidadadiario.com\/index.php\/wp-json\/wp\/v2\/media\/63050"}],"wp:attachment":[{"href":"https:\/\/www.actualidadadiario.com\/index.php\/wp-json\/wp\/v2\/media?parent=63049"}],"wp:term":[{"taxonomy":"category","embeddable":true,"href":"https:\/\/www.actualidadadiario.com\/index.php\/wp-json\/wp\/v2\/categories?post=63049"},{"taxonomy":"post_tag","embeddable":true,"href":"https:\/\/www.actualidadadiario.com\/index.php\/wp-json\/wp\/v2\/tags?post=63049"}],"curies":[{"name":"wp","href":"https:\/\/api.w.org\/{rel}","templated":true}]}}