{"id":63046,"date":"2020-06-17T12:40:21","date_gmt":"2020-06-17T15:40:21","guid":{"rendered":"https:\/\/www.actualidadadiario.com\/?p=63046"},"modified":"2020-06-17T12:40:21","modified_gmt":"2020-06-17T15:40:21","slug":"alerta-por-vientos-fuertes-y-probables-tormentas-severas","status":"publish","type":"post","link":"https:\/\/www.actualidadadiario.com\/index.php\/2020\/06\/17\/alerta-por-vientos-fuertes-y-probables-tormentas-severas\/","title":{"rendered":"Alerta por vientos fuertes y probables tormentas severas"},"content":{"rendered":"<p style=\"text-align: center;\"><em><strong>A la posibilidad de que se registren vientos del sector norte con r\u00e1fagas de hasta 75 kil\u00f3metros por hora, el Servicio Meteorol\u00f3gico Nacional (SMN) sum\u00f3 una nueva advertencia: a partir de la tarde de este mi\u00e9rcoles podr\u00edan producirse tormentas fuertes o severas, con ca\u00edda de granizo de diversos tama\u00f1os e importante actividad el\u00e9ctrica<\/strong><\/em><\/p>\n<p>&nbsp;<\/p>\n<p>&nbsp;<\/p>\n<p>Al alerta por vientos fuertes emitido ayer, se suma un aviso por tormentas fuertes o severas. \u201cSe prev\u00e9 que a partir de la tarde comiencen a desarrollarse tormentas aisladas de variada intensidad sobre el oeste del \u00e1rea de cobertura. Las mismas tender\u00e1n a generalizarse y a propagarse r\u00e1pidamente hacia el este afectando al resto del \u00e1rea entre esta noche y la madrugada del jueves 18\u201d, se lee en el parte del SMN emitido a las 5:30 de este mi\u00e9rcoles.<\/p>\n<p>\u201cAlgunas tormentas pueden alcanzar fuerte a severa intensidad, acompa\u00f1adas por muy intensas r\u00e1fagas de viento, ca\u00edda de granizo de diversos tama\u00f1os, importante actividad el\u00e9ctrica y lluvias intensas\u201d, inform\u00f3 el organismo.<\/p>\n<p>Por \u00faltimo se\u00f1al\u00f3: \u201cSe estiman valores totales de precipitaci\u00f3n entre 15 y 40mm las condiciones mejorar\u00e1n de oeste a este a partir de la madrugada del jueves 18\u201d.<\/p>\n<p>Este alerta abarca a todo el territorio entrerriano y tambi\u00e9n al norte de la provincia de Buenos Aires, centro y este de C\u00f3rdoba, sur y centro de Santa Fe, Ciudad Aut\u00f3noma de Buenos Aires y Rio de la Plata.<\/p>\n<p>En tanto, a las 4:30 de este mi\u00e9rcoles se renov\u00f3 el alerta por vientos intensos con r\u00e1fagas. \u201cEl \u00e1rea de cobertura ser\u00e1 afectada hasta la noche de hoy por vientos del sector norte con velocidades entre 35 y 45 km\/h con r\u00e1fagas que pueden alcanzar entre 50 y 75 km\/h\u201d, se indic\u00f3.<\/p>\n<p>Este aviso abraca adem\u00e1s al norte de la provincia de Buenos Aires, Chaco, C\u00f3rdoba, Corrientes, Formosa, este de Salta, Santa Fe, Santiago del Estero, Ciudad Aut\u00f3noma de Buenos Aires y R\u00edo de la Plata.<\/p>\n","protected":false},"excerpt":{"rendered":"<p>A la posibilidad de que se registren vientos del sector norte con r\u00e1fagas de hasta 75 kil\u00f3metros por hora, el Servicio Meteorol\u00f3gico Nacional (SMN) sum\u00f3 una nueva advertencia: a partir de la tarde de este mi\u00e9rcoles podr\u00edan producirse tormentas fuertes o severas, con ca\u00edda de granizo de diversos tama\u00f1os e importante actividad el\u00e9ctrica &nbsp; &nbsp; Al alerta por vientos fuertes emitido ayer, se suma un aviso por tormentas fuertes o severas. \u201cSe prev\u00e9 que a partir de la tarde comiencen a desarrollarse tormentas aisladas de variada intensidad sobre el oeste&#8230;<\/p>\n","protected":false},"author":3,"featured_media":63047,"comment_status":"closed","ping_status":"closed","sticky":false,"template":"","format":"standard","meta":[],"categories":[15],"tags":[],"_links":{"self":[{"href":"https:\/\/www.actualidadadiario.com\/index.php\/wp-json\/wp\/v2\/posts\/63046"}],"collection":[{"href":"https:\/\/www.actualidadadiario.com\/index.php\/wp-json\/wp\/v2\/posts"}],"about":[{"href":"https:\/\/www.actualidadadiario.com\/index.php\/wp-json\/wp\/v2\/types\/post"}],"author":[{"embeddable":true,"href":"https:\/\/www.actualidadadiario.com\/index.php\/wp-json\/wp\/v2\/users\/3"}],"replies":[{"embeddable":true,"href":"https:\/\/www.actualidadadiario.com\/index.php\/wp-json\/wp\/v2\/comments?post=63046"}],"version-history":[{"count":1,"href":"https:\/\/www.actualidadadiario.com\/index.php\/wp-json\/wp\/v2\/posts\/63046\/revisions"}],"predecessor-version":[{"id":63048,"href":"https:\/\/www.actualidadadiario.com\/index.php\/wp-json\/wp\/v2\/posts\/63046\/revisions\/63048"}],"wp:featuredmedia":[{"embeddable":true,"href":"https:\/\/www.actualidadadiario.com\/index.php\/wp-json\/wp\/v2\/media\/63047"}],"wp:attachment":[{"href":"https:\/\/www.actualidadadiario.com\/index.php\/wp-json\/wp\/v2\/media?parent=63046"}],"wp:term":[{"taxonomy":"category","embeddable":true,"href":"https:\/\/www.actualidadadiario.com\/index.php\/wp-json\/wp\/v2\/categories?post=63046"},{"taxonomy":"post_tag","embeddable":true,"href":"https:\/\/www.actualidadadiario.com\/index.php\/wp-json\/wp\/v2\/tags?post=63046"}],"curies":[{"name":"wp","href":"https:\/\/api.w.org\/{rel}","templated":true}]}}