{"id":63039,"date":"2020-06-17T12:36:53","date_gmt":"2020-06-17T15:36:53","guid":{"rendered":"https:\/\/www.actualidadadiario.com\/?p=63039"},"modified":"2020-06-17T12:36:53","modified_gmt":"2020-06-17T15:36:53","slug":"el-superior-tribunal-y-el-ministerio-de-salud-analizaron-en-que-invertir-el-fondo-solidario-judicial","status":"publish","type":"post","link":"https:\/\/www.actualidadadiario.com\/index.php\/2020\/06\/17\/el-superior-tribunal-y-el-ministerio-de-salud-analizaron-en-que-invertir-el-fondo-solidario-judicial\/","title":{"rendered":"El Superior Tribunal y el Ministerio de Salud  analizaron en qu\u00e9 invertir el fondo solidario judicial"},"content":{"rendered":"<p style=\"text-align: center;\"><em><strong>El presidente del Superior Tribunal (STJ), Mart\u00edn Carbonell recibi\u00f3 esta ma\u00f1ana a la ministra de Salud de la provincia, Sonia Vel\u00e1zquez \u00b7 Durante el encuentro la funcionaria se interioriz\u00f3\u00a0 sobre lo recaudado en el fondo solidario creado en el \u00e1mbito del Superior Tribunal de Justicia tras la declaraci\u00f3n de la pandemia COVID 19<\/strong><\/em><\/p>\n<p>&nbsp;<\/p>\n<p>&nbsp;<\/p>\n<p>De encuentro participaron los integrantes del Comit\u00e9 Organizador de Emergencia Sanitaria (COES), Germ\u00e1n Coronel\u00a0 y Gabriela Diez, y el contador general\u00a0 del STJ, Dar\u00edo Koch.<\/p>\n<p>Las autoridades del COES entregaron un listado de los elementos necesarios para enfrentar los efectos de la pandemia del coronavirus COVID 19. Entre ellos figuran ambulancias, elementos de protecci\u00f3n personal, barbijos quir\u00fargicos, equipos de rayos x (fijos y rodantes), ec\u00f3grafos y lavadoras.<\/p>\n<p>Carbonell asegur\u00f3 que los 19.640.072 pesos recaudados tendr\u00e1n como destino la compra de algunos de esos pedidos. Ser\u00e1 a trav\u00e9s de la Contadur\u00eda General del STJ y siguiendo los procesos administrativos correspondientes.<\/p>\n<p>Por otra parte destac\u00f3 la actitud solidaria de los integrantes del Poder Judicial ante la implementaci\u00f3n voluntaria del fondo en cuesti\u00f3n y garantiz\u00f3 que la inversi\u00f3n ser\u00e1 dada a conocer p\u00fablicamente \u201cno s\u00f3lo para que los aportantes sepan en que se invirti\u00f3 el dinero, sino tambi\u00e9n por una cuesti\u00f3n de transparencia\u201d.<\/p>\n<p>Al t\u00e9rmino de la reuni\u00f3n Vel\u00e1zquez resalt\u00f3 el hecho de haber sido convocada para visibilizar el componente solidario desde diferentes sectores y que qued\u00f3 reflejado tras la declaraci\u00f3n de la pandemia.<\/p>\n<p>\u201cEn este sentido el Poder Judicial realizar\u00e1 una donaci\u00f3n al COES con la compra de elementos que son necesarios para el fortalecimiento del sector salud en estos tiempos complejos y de contingencia\u201d, dijo.<\/p>\n<p>Asimismo rescat\u00f3 la humanizaci\u00f3n de las pr\u00e1cticas y conductas que tienen los seres humanos, m\u00e1s all\u00e1 de las funciones que cumplan en distintos poderes del Estado.<\/p>\n<p>La creaci\u00f3n del fondo solidario como contribuci\u00f3n del Poder Judicial para afrontar la emergencia sanitaria con motivo del COVID-19, en consonancia con el decreto 486 del Ministerio de Econom\u00eda, m Hacienda y Finanzas,\u00a0 del 27 de marzo pasado, est\u00e1\u00a0 integrado por el aporte individual de integrantes de la magistratura, funcionarias, funcionarios y empleados. El aporte voluntario fue del 50 por ciento del monto correspondiente a la asignaci\u00f3n de la categor\u00eda.<\/p>\n","protected":false},"excerpt":{"rendered":"<p>El presidente del Superior Tribunal (STJ), Mart\u00edn Carbonell recibi\u00f3 esta ma\u00f1ana a la ministra de Salud de la provincia, Sonia Vel\u00e1zquez \u00b7 Durante el encuentro la funcionaria se interioriz\u00f3\u00a0 sobre lo recaudado en el fondo solidario creado en el \u00e1mbito del Superior Tribunal de Justicia tras la declaraci\u00f3n de la pandemia COVID 19 &nbsp; &nbsp; De encuentro participaron los integrantes del Comit\u00e9 Organizador de Emergencia Sanitaria (COES), Germ\u00e1n Coronel\u00a0 y Gabriela Diez, y el contador general\u00a0 del STJ, Dar\u00edo Koch. Las autoridades del COES entregaron un listado de los elementos&#8230;<\/p>\n","protected":false},"author":3,"featured_media":63040,"comment_status":"closed","ping_status":"closed","sticky":false,"template":"","format":"standard","meta":[],"categories":[15],"tags":[],"_links":{"self":[{"href":"https:\/\/www.actualidadadiario.com\/index.php\/wp-json\/wp\/v2\/posts\/63039"}],"collection":[{"href":"https:\/\/www.actualidadadiario.com\/index.php\/wp-json\/wp\/v2\/posts"}],"about":[{"href":"https:\/\/www.actualidadadiario.com\/index.php\/wp-json\/wp\/v2\/types\/post"}],"author":[{"embeddable":true,"href":"https:\/\/www.actualidadadiario.com\/index.php\/wp-json\/wp\/v2\/users\/3"}],"replies":[{"embeddable":true,"href":"https:\/\/www.actualidadadiario.com\/index.php\/wp-json\/wp\/v2\/comments?post=63039"}],"version-history":[{"count":1,"href":"https:\/\/www.actualidadadiario.com\/index.php\/wp-json\/wp\/v2\/posts\/63039\/revisions"}],"predecessor-version":[{"id":63041,"href":"https:\/\/www.actualidadadiario.com\/index.php\/wp-json\/wp\/v2\/posts\/63039\/revisions\/63041"}],"wp:featuredmedia":[{"embeddable":true,"href":"https:\/\/www.actualidadadiario.com\/index.php\/wp-json\/wp\/v2\/media\/63040"}],"wp:attachment":[{"href":"https:\/\/www.actualidadadiario.com\/index.php\/wp-json\/wp\/v2\/media?parent=63039"}],"wp:term":[{"taxonomy":"category","embeddable":true,"href":"https:\/\/www.actualidadadiario.com\/index.php\/wp-json\/wp\/v2\/categories?post=63039"},{"taxonomy":"post_tag","embeddable":true,"href":"https:\/\/www.actualidadadiario.com\/index.php\/wp-json\/wp\/v2\/tags?post=63039"}],"curies":[{"name":"wp","href":"https:\/\/api.w.org\/{rel}","templated":true}]}}