{"id":63036,"date":"2020-06-17T12:35:57","date_gmt":"2020-06-17T15:35:57","guid":{"rendered":"https:\/\/www.actualidadadiario.com\/?p=63036"},"modified":"2020-06-17T12:35:57","modified_gmt":"2020-06-17T15:35:57","slug":"5000-ciudadanos-preseleccionados-para-integrar-el-juicio-por-jurados","status":"publish","type":"post","link":"https:\/\/www.actualidadadiario.com\/index.php\/2020\/06\/17\/5000-ciudadanos-preseleccionados-para-integrar-el-juicio-por-jurados\/","title":{"rendered":"5000 ciudadanos preseleccionados para integrar el juicio por jurados"},"content":{"rendered":"<p style=\"text-align: center;\"><em><strong>\u201cSin lugar a dudas es un hecho hist\u00f3rico en la vida institucional de la provincia, estamos dando un salto de calidad en lo que es la participaci\u00f3n ciudadana\u201d, dijo el presidente del Superior Tribunal de Justicia, Mart\u00edn Carbonell, al abrir este mi\u00e9rcoles, junto al gobernador Gustavo Bordet, el sorteo para los 5000 preseleccionados. Los cupos se cubrieron por jurisdicciones y teniendo en cuenta la paridad de g\u00e9nero, con los tres \u00faltimos n\u00fameros del DNI<\/strong><\/em><\/p>\n<p>&nbsp;<\/p>\n<p>&nbsp;<\/p>\n<p>Las autoridades provinciales, legislativas y judiciales siguieron el sorteo que se realiz\u00f3 en la sede del Iafas desde el Centro Provincial de Convenciones.<\/p>\n<p>\u201cSin lugar a dudas es un hecho hist\u00f3rico en la vida institucional de la provincia, estamos dando un salto de calidad en lo que es la participaci\u00f3n ciudadana\u201d, dijo Carbonell al abrir el acto y explic\u00f3: \u201cVamos a elegir a los primeros jurados populares de la historia de la justicia entrerriana, que se van a encargar del juzgamiento de los casos penales, a partir de la sanci\u00f3n de la ley 10746\u201d.<\/p>\n<p>Entendi\u00f3 que esto produce \u201cun verdadero acercamiento de la ciudadan\u00eda con el ejercicio mismo del Poder Judicial. Se constituye ciudadan\u00eda y se construye ejercicio democr\u00e1tico al participar el pueblo de la toma de decisiones importantes\u201d.<\/p>\n<p>Pero adem\u00e1s, destac\u00f3 que con la implementaci\u00f3n de este instituto, \u201cse cumple con los mandatos constitucionales de la provincia de 1933 y la Constituci\u00f3n Nacional de 1853\u201d.<\/p>\n<p>Asimismo, asegur\u00f3 que \u201cestamos colocando\u00a0 a Entre R\u00edos en un selecto grupo de provincias, 8 en total, que tienen implementado el juicio por jurado\u201d y que \u201cha existido consensos que la Ley entrerriana es superadora\u201d.<\/p>\n<p>&nbsp;<\/p>\n<p><strong>Consensos<\/strong><\/p>\n<p>Por su parte, el gobernador Gustavo Bordet destac\u00f3 la labor de los tres poderes del Estado, ya que si bien la ley fue propiciada desde el Ejecutivo, \u201censeguida nos pusimos de acuerdo\u201d.<\/p>\n<p>\u201cUna ley de esta naturaleza no puede tener vigencia si no re\u00fane los consensos que hoy est\u00e1n expresados en este texto, creo que este ha sido el logro m\u00e1s importante\u201d, resalt\u00f3.<\/p>\n<p>Record\u00f3 que la Constituci\u00f3n reformada de 2008 contempla la creaci\u00f3n de distintos institutos, y explic\u00f3 que \u201clas democracias modernas nos exigen mecanismos de participaci\u00f3n que aseguren a los ciudadanos ser parte activa de un proceso, que no se agota solamente en un d\u00eda de elecciones, sino\u00a0 que es a lo largo de la acci\u00f3n c\u00edvica que se desarrolla cotidianamente\u201d. Entendi\u00f3 que est\u00e1 es la importancia central del juicio por jurados, \u201casegurar a los ciudadanos comunes la posibilidad de acceder, como un derecho pero tambi\u00e9n como una obligaci\u00f3n, a participar de procesos judiciales de \u00edndole penal\u201d.<\/p>\n<p>Estuvieron presentes en el CPC siguiendo el sorteo, la vicegobernadora Laura Stratta; el presidente de la C\u00e1mara de Diputados, \u00c1ngel Giano; el intendente de Paran\u00e1, Ad\u00e1n Bahl; la ministra de Gobierno, Rosario Romero; el senador nacional Edgardo Kueider; el titular de la sala penal del STJ; Miguel Giorgio; la directora de Instituto JB Alberti, Susana Medida; el coordinador para el estudio y la implementaci\u00f3n del juicio por jurados del Poder Judicial, Elvio Garz\u00f3n; el Defensor del STJ, Maximiliano Ben\u00edtez, entre otros.<\/p>\n<p>&nbsp;<\/p>\n<p><strong>El sorteo<\/strong><\/p>\n<p>Previo al sorteo, el secretario del Tribunal Electoral de Entre R\u00edos, Agust\u00edn Gonz\u00e1lez, explic\u00f3 el sistema utilizado para la selecci\u00f3n. Se tom\u00f3 como base el padr\u00f3n electoral del a\u00f1o 2019, con las depuraciones correspondientes en raz\u00f3n de las personas inhabilitadas, por edad o por actividad que desarrollan. Tambi\u00e9n se distribuyeron los 5000 potenciales participantes por jurisdicci\u00f3n y por paridad de g\u00e9nero.<\/p>\n<p>La cantidad de personas por departamento \u201cest\u00e1 arrojado por un estudio combinado que contempla la cantidad de juicios que pueden ser sometidos en virtud de la ley 10.746, que han reportado cada una de las jurisdicciones en los \u00faltimos tres a\u00f1os, adem\u00e1s de la cuesti\u00f3n demogr\u00e1fica\u201d, explic\u00f3 Gonz\u00e1lez.<\/p>\n<p>El sorteo fue r\u00e1pido, con s\u00f3lo 19 extracciones de tres n\u00fameros cada una se pudo completar el cupo de la provincia. Ingresados al sistema, autom\u00e1ticamente se identific\u00f3 a los entrerrianos que ten\u00edan documentos finalizados con esos tres n\u00fameros y en raz\u00f3n de su domicilio los fue ubicando en los cupos por jurisdicci\u00f3n y g\u00e9nero.<\/p>\n<p>Los n\u00fameros que salieron fueron: 187, 608, 865, 145, 717, 052, 833, 897, 248, 941, 056, 814, 212, 531, 367, 655, 181, 130, 638.<\/p>\n<p>&nbsp;<\/p>\n<p><strong>Cupos por departamento<\/strong><\/p>\n<p>Paran\u00e1: 1000 cupos<\/p>\n<p>La Paz: 240<\/p>\n<p>Diamante: 160<\/p>\n<p>Victoria: 220<\/p>\n<p>Nogoy\u00e1: 160<\/p>\n<p>Gualeguay: 220<\/p>\n<p>Tala: 160<\/p>\n<p>Uruguay: 480<\/p>\n<p>Gualeguaych\u00fa: 480<\/p>\n<p>Islas del Ibicuy: 160<\/p>\n<p>Villaguay: 220<\/p>\n<p>Concordia: 640<\/p>\n<p>Federal: 160<\/p>\n<p>Col\u00f3n: 220<\/p>\n<p>Feliciano: 160<\/p>\n<p>Federaci\u00f3n: 160<\/p>\n<p>San Salvador: 160<\/p>\n","protected":false},"excerpt":{"rendered":"<p>\u201cSin lugar a dudas es un hecho hist\u00f3rico en la vida institucional de la provincia, estamos dando un salto de calidad en lo que es la participaci\u00f3n ciudadana\u201d, dijo el presidente del Superior Tribunal de Justicia, Mart\u00edn Carbonell, al abrir este mi\u00e9rcoles, junto al gobernador Gustavo Bordet, el sorteo para los 5000 preseleccionados. Los cupos se cubrieron por jurisdicciones y teniendo en cuenta la paridad de g\u00e9nero, con los tres \u00faltimos n\u00fameros del DNI &nbsp; &nbsp; Las autoridades provinciales, legislativas y judiciales siguieron el sorteo que se realiz\u00f3 en la&#8230;<\/p>\n","protected":false},"author":3,"featured_media":63037,"comment_status":"closed","ping_status":"closed","sticky":false,"template":"","format":"standard","meta":[],"categories":[15],"tags":[],"_links":{"self":[{"href":"https:\/\/www.actualidadadiario.com\/index.php\/wp-json\/wp\/v2\/posts\/63036"}],"collection":[{"href":"https:\/\/www.actualidadadiario.com\/index.php\/wp-json\/wp\/v2\/posts"}],"about":[{"href":"https:\/\/www.actualidadadiario.com\/index.php\/wp-json\/wp\/v2\/types\/post"}],"author":[{"embeddable":true,"href":"https:\/\/www.actualidadadiario.com\/index.php\/wp-json\/wp\/v2\/users\/3"}],"replies":[{"embeddable":true,"href":"https:\/\/www.actualidadadiario.com\/index.php\/wp-json\/wp\/v2\/comments?post=63036"}],"version-history":[{"count":1,"href":"https:\/\/www.actualidadadiario.com\/index.php\/wp-json\/wp\/v2\/posts\/63036\/revisions"}],"predecessor-version":[{"id":63038,"href":"https:\/\/www.actualidadadiario.com\/index.php\/wp-json\/wp\/v2\/posts\/63036\/revisions\/63038"}],"wp:featuredmedia":[{"embeddable":true,"href":"https:\/\/www.actualidadadiario.com\/index.php\/wp-json\/wp\/v2\/media\/63037"}],"wp:attachment":[{"href":"https:\/\/www.actualidadadiario.com\/index.php\/wp-json\/wp\/v2\/media?parent=63036"}],"wp:term":[{"taxonomy":"category","embeddable":true,"href":"https:\/\/www.actualidadadiario.com\/index.php\/wp-json\/wp\/v2\/categories?post=63036"},{"taxonomy":"post_tag","embeddable":true,"href":"https:\/\/www.actualidadadiario.com\/index.php\/wp-json\/wp\/v2\/tags?post=63036"}],"curies":[{"name":"wp","href":"https:\/\/api.w.org\/{rel}","templated":true}]}}