{"id":63031,"date":"2020-06-17T12:33:51","date_gmt":"2020-06-17T15:33:51","guid":{"rendered":"https:\/\/www.actualidadadiario.com\/?p=63031"},"modified":"2020-06-17T12:34:05","modified_gmt":"2020-06-17T15:34:05","slug":"se-registraron-cuatro-nuevos-casos-en-la-provincia-y-el-total-asciende-a-108","status":"publish","type":"post","link":"https:\/\/www.actualidadadiario.com\/index.php\/2020\/06\/17\/se-registraron-cuatro-nuevos-casos-en-la-provincia-y-el-total-asciende-a-108\/","title":{"rendered":"Se registraron cuatro nuevos casos en la provincia y el total asciende a 108"},"content":{"rendered":"<p style=\"text-align: center;\"><em><strong>El \u00e1rea de Vigilancia Epidemiol\u00f3gica del Ministerio de Salud de la provincia confirm\u00f3 que este mi\u00e9rcoles se registraron cuatro nuevos casos de coronavirus en Entre R\u00edos. Se trata de un caso registrado en la localidad de Santa Ana, departamento Federaci\u00f3n, y tres en el departamento Islas<\/strong><\/em><\/p>\n<p>&nbsp;<\/p>\n<p>El Ministerio de Salud emiti\u00f3 este mi\u00e9rcoles una actualizaci\u00f3n epidemiol\u00f3gica dando cuenta de la detecci\u00f3n de cuatro nuevos casos en Entre R\u00edos, por lo que el total de confirmados acumulados asciende a 108 casos.<\/p>\n<p>Seg\u00fan se report\u00f3, un caso fue detectado en el departamento Federaci\u00f3n, de la localidad de Santa Ana, y su nexo epidemiol\u00f3gico se encuentra en estudio.<\/p>\n<p>Los tres restantes corresponden al departamento Islas y son contactos estrechos de los reportados d\u00edas pasados.<\/p>\n<p>Todos los pacientes se encuentran estables y cumpliendo el aislamiento correspondiente.<\/p>\n<p>De ese modo, en la provincia son 108 los casos confirmados en Entre R\u00edos.<\/p>\n","protected":false},"excerpt":{"rendered":"<p>El \u00e1rea de Vigilancia Epidemiol\u00f3gica del Ministerio de Salud de la provincia confirm\u00f3 que este mi\u00e9rcoles se registraron cuatro nuevos casos de coronavirus en Entre R\u00edos. Se trata de un caso registrado en la localidad de Santa Ana, departamento Federaci\u00f3n, y tres en el departamento Islas &nbsp; El Ministerio de Salud emiti\u00f3 este mi\u00e9rcoles una actualizaci\u00f3n epidemiol\u00f3gica dando cuenta de la detecci\u00f3n de cuatro nuevos casos en Entre R\u00edos, por lo que el total de confirmados acumulados asciende a 108 casos. Seg\u00fan se report\u00f3, un caso fue detectado en el&#8230;<\/p>\n","protected":false},"author":3,"featured_media":60994,"comment_status":"closed","ping_status":"closed","sticky":false,"template":"","format":"standard","meta":[],"categories":[9],"tags":[],"_links":{"self":[{"href":"https:\/\/www.actualidadadiario.com\/index.php\/wp-json\/wp\/v2\/posts\/63031"}],"collection":[{"href":"https:\/\/www.actualidadadiario.com\/index.php\/wp-json\/wp\/v2\/posts"}],"about":[{"href":"https:\/\/www.actualidadadiario.com\/index.php\/wp-json\/wp\/v2\/types\/post"}],"author":[{"embeddable":true,"href":"https:\/\/www.actualidadadiario.com\/index.php\/wp-json\/wp\/v2\/users\/3"}],"replies":[{"embeddable":true,"href":"https:\/\/www.actualidadadiario.com\/index.php\/wp-json\/wp\/v2\/comments?post=63031"}],"version-history":[{"count":2,"href":"https:\/\/www.actualidadadiario.com\/index.php\/wp-json\/wp\/v2\/posts\/63031\/revisions"}],"predecessor-version":[{"id":63033,"href":"https:\/\/www.actualidadadiario.com\/index.php\/wp-json\/wp\/v2\/posts\/63031\/revisions\/63033"}],"wp:featuredmedia":[{"embeddable":true,"href":"https:\/\/www.actualidadadiario.com\/index.php\/wp-json\/wp\/v2\/media\/60994"}],"wp:attachment":[{"href":"https:\/\/www.actualidadadiario.com\/index.php\/wp-json\/wp\/v2\/media?parent=63031"}],"wp:term":[{"taxonomy":"category","embeddable":true,"href":"https:\/\/www.actualidadadiario.com\/index.php\/wp-json\/wp\/v2\/categories?post=63031"},{"taxonomy":"post_tag","embeddable":true,"href":"https:\/\/www.actualidadadiario.com\/index.php\/wp-json\/wp\/v2\/tags?post=63031"}],"curies":[{"name":"wp","href":"https:\/\/api.w.org\/{rel}","templated":true}]}}