{"id":63029,"date":"2020-06-17T12:33:03","date_gmt":"2020-06-17T15:33:03","guid":{"rendered":"https:\/\/www.actualidadadiario.com\/?p=63029"},"modified":"2020-06-17T12:33:03","modified_gmt":"2020-06-17T15:33:03","slug":"aguinaldo-vamos-a-cumplir-con-nuestras-obligaciones-afirmo-bordet","status":"publish","type":"post","link":"https:\/\/www.actualidadadiario.com\/index.php\/2020\/06\/17\/aguinaldo-vamos-a-cumplir-con-nuestras-obligaciones-afirmo-bordet\/","title":{"rendered":"Aguinaldo: &#8220;Vamos a cumplir con nuestras obligaciones&#8221;, afirm\u00f3 Bordet"},"content":{"rendered":"<p style=\"text-align: center;\"><em><strong>El mandatario manifest\u00f3 el &#8220;son momentos muy complicados&#8221;, pero garantiz\u00f3 que Entre R\u00edos cumplir\u00e1 con el pago del Sueldo Anual Complementario que debe abonarse el mes venidero<\/strong><\/em><\/p>\n<p>&nbsp;<\/p>\n<p>&nbsp;<\/p>\n<p>El pr\u00f3ximo mes deber\u00e1 abonarse el Sueldo Anual Complementario correspondiente para esta fecha del a\u00f1o tanto a empleados estatales como privados.<\/p>\n<p>Al respecto, el gobernador, Gustavo Bordet, se\u00f1al\u00f3 que &#8220;estamos trabajando d\u00eda a d\u00eda para dar cumplimiento a todas nuestras obligaciones. Venimos haci\u00e9ndolo con grandes esfuerzos&#8221;.<\/p>\n<p>El mandatario admiti\u00f3 que &#8220;son momentos muy complicados, pero vamos a cumplir con nuestras obligaciones como lo hemos hecho siempre&#8221;.<\/p>\n<p>&nbsp;<\/p>\n<p><strong>Quemas en las islas<\/strong><\/p>\n<p>Acerca de la denuncia penal contra quienes realizan quemas en las islas en la zona de Victoria, Bordet manifest\u00f3 que se busca &#8220;terminar con los abusos que producen quienes, de manera inescrupulosa, violando toda normativa, generan un da\u00f1o ambiental que perjudica a vecinos de nuestra provincia y de otras&#8221;.<\/p>\n<p>Corresponde la denuncia para determinar las responsabilidad de los propietarios que hay hecho los incendios intencionalmente y tambi\u00e9n de aquellos que los provocaron en circunstancias que no est\u00e1n permitidas. Cumpliendo con la obligaci\u00f3n que nos corresponde hemos presentado la denuncia ante el Juzgado Federal&#8221;.<\/p>\n<p>&nbsp;<\/p>\n<p><strong>Juicio por jurado<\/strong><\/p>\n<p>En l\u00ednea con lo que hab\u00eda dicho en el discurso durante el acto de sorteo de los seleccionados para los juicios por jurados, el gobernador destac\u00f3 que &#8220;se gana en calidad democr\u00e1tica y el derecho del ciudadano no termina cuando emite el sufragio, sino que tiene una continuidad en lo cotidiano. Cada persona que ha sido sorteada tiene el derecho y tambi\u00e9n la obligaci\u00f3n de ser jurado&#8221;.<\/p>\n","protected":false},"excerpt":{"rendered":"<p>El mandatario manifest\u00f3 el &#8220;son momentos muy complicados&#8221;, pero garantiz\u00f3 que Entre R\u00edos cumplir\u00e1 con el pago del Sueldo Anual Complementario que debe abonarse el mes venidero &nbsp; &nbsp; El pr\u00f3ximo mes deber\u00e1 abonarse el Sueldo Anual Complementario correspondiente para esta fecha del a\u00f1o tanto a empleados estatales como privados. Al respecto, el gobernador, Gustavo Bordet, se\u00f1al\u00f3 que &#8220;estamos trabajando d\u00eda a d\u00eda para dar cumplimiento a todas nuestras obligaciones. Venimos haci\u00e9ndolo con grandes esfuerzos&#8221;. El mandatario admiti\u00f3 que &#8220;son momentos muy complicados, pero vamos a cumplir con nuestras obligaciones&#8230;<\/p>\n","protected":false},"author":3,"featured_media":60344,"comment_status":"closed","ping_status":"closed","sticky":false,"template":"","format":"standard","meta":[],"categories":[9],"tags":[],"_links":{"self":[{"href":"https:\/\/www.actualidadadiario.com\/index.php\/wp-json\/wp\/v2\/posts\/63029"}],"collection":[{"href":"https:\/\/www.actualidadadiario.com\/index.php\/wp-json\/wp\/v2\/posts"}],"about":[{"href":"https:\/\/www.actualidadadiario.com\/index.php\/wp-json\/wp\/v2\/types\/post"}],"author":[{"embeddable":true,"href":"https:\/\/www.actualidadadiario.com\/index.php\/wp-json\/wp\/v2\/users\/3"}],"replies":[{"embeddable":true,"href":"https:\/\/www.actualidadadiario.com\/index.php\/wp-json\/wp\/v2\/comments?post=63029"}],"version-history":[{"count":1,"href":"https:\/\/www.actualidadadiario.com\/index.php\/wp-json\/wp\/v2\/posts\/63029\/revisions"}],"predecessor-version":[{"id":63030,"href":"https:\/\/www.actualidadadiario.com\/index.php\/wp-json\/wp\/v2\/posts\/63029\/revisions\/63030"}],"wp:featuredmedia":[{"embeddable":true,"href":"https:\/\/www.actualidadadiario.com\/index.php\/wp-json\/wp\/v2\/media\/60344"}],"wp:attachment":[{"href":"https:\/\/www.actualidadadiario.com\/index.php\/wp-json\/wp\/v2\/media?parent=63029"}],"wp:term":[{"taxonomy":"category","embeddable":true,"href":"https:\/\/www.actualidadadiario.com\/index.php\/wp-json\/wp\/v2\/categories?post=63029"},{"taxonomy":"post_tag","embeddable":true,"href":"https:\/\/www.actualidadadiario.com\/index.php\/wp-json\/wp\/v2\/tags?post=63029"}],"curies":[{"name":"wp","href":"https:\/\/api.w.org\/{rel}","templated":true}]}}