{"id":63020,"date":"2020-06-16T12:57:47","date_gmt":"2020-06-16T15:57:47","guid":{"rendered":"https:\/\/www.actualidadadiario.com\/?p=63020"},"modified":"2020-06-16T12:57:47","modified_gmt":"2020-06-16T15:57:47","slug":"chile-extiende-el-estado-de-catastrofe-por-90-dias","status":"publish","type":"post","link":"https:\/\/www.actualidadadiario.com\/index.php\/2020\/06\/16\/chile-extiende-el-estado-de-catastrofe-por-90-dias\/","title":{"rendered":"Chile extiende el estado de cat\u00e1strofe por 90 d\u00edas"},"content":{"rendered":"<p style=\"text-align: center;\"><em><strong>El brote ya dej\u00f3 ya dej\u00f3 3.362 muertos y casi 180.000 contagios en el pa\u00eds vecino. El s\u00e1bado, Pi\u00f1era reemplaz\u00f3 al ministro de Salud en medio de controversias<\/strong><\/em><\/p>\n<p>&nbsp;<\/p>\n<p>&nbsp;<\/p>\n<p>Chile extendi\u00f3 este lunes el estado excepcional de cat\u00e1strofe que rige desde mediados de marzo por otros 90 d\u00edas, en momentos que la pandemia de coronavirus somete al sistema de salud a una fuerte demanda por los crecientes contagios.<\/p>\n<p>Al lunes, autoridades sanitarias reportaron que el brote ya dej\u00f3 3.362 muertos y casi 180.000 contagios.<\/p>\n<p>&#8220;El Presidente de la Republica, Sebasti\u00e1n Pi\u00f1era, ha decidido prorrogar el Estado de Excepci\u00f3n Constitucional de Cat\u00e1strofe, por calamidad p\u00fablica (&#8230;) por un plazo adicional de 90 d\u00edas&#8221;, dijo un breve comunicado divulgado por el gobierno.<\/p>\n<p>El pa\u00eds trasandino report\u00f3 el primer caso el 3 de marzo y a mediados de ese mes el Gobierno decret\u00f3 estado de cat\u00e1strofe por tres meses, anunci\u00f3 el cierre de fronteras, la aplicaci\u00f3n de cuarentenas progresivas y suspendi\u00f3 clases, entre varias otras medidas.<\/p>\n<p>Los casos, sin embargo, mostraron un aumento explosivo en mayo y actualmente casi la mitad del pa\u00eds de m\u00e1s de 18 millones habitantes est\u00e1 bajo cuarentena.<\/p>\n<p>&#8220;La raz\u00f3n por la cual se renueva el estado de cat\u00e1strofe es para proteger la vida y la salud de nuestros compatriotas&#8221;, dijo el ministro de Defensa, Alberto Espina, para que las Fuerzas Armadas &#8220;puedan seguir trabajando en conjunto con las polic\u00edas en la fiscalizaci\u00f3n de las normas sanitarias que son fundamentales para enfrentar esta pandemia&#8221;.<\/p>\n<p>La pr\u00f3rroga contar\u00e1 a partir del martes. El ministro del Interior, Gonzalo Blumel, se\u00f1al\u00f3 por su parte que se fortalecer\u00e1n las fiscalizaciones y penas para asegurar el cumplimiento de las medidas de contenci\u00f3n, porque &#8220;hay un grupo de personas que de forma irresponsable est\u00e1 incumpliendo&#8221;.<\/p>\n<p>Chile experimenta un alza sostenida en los casos. El s\u00e1bado, Pi\u00f1era reemplaz\u00f3 al ministro de Salud en medio de controversias y cr\u00edticas por el manejo de la pandemia y la entrega de informaci\u00f3n oficial.<\/p>\n","protected":false},"excerpt":{"rendered":"<p>El brote ya dej\u00f3 ya dej\u00f3 3.362 muertos y casi 180.000 contagios en el pa\u00eds vecino. El s\u00e1bado, Pi\u00f1era reemplaz\u00f3 al ministro de Salud en medio de controversias &nbsp; &nbsp; Chile extendi\u00f3 este lunes el estado excepcional de cat\u00e1strofe que rige desde mediados de marzo por otros 90 d\u00edas, en momentos que la pandemia de coronavirus somete al sistema de salud a una fuerte demanda por los crecientes contagios. Al lunes, autoridades sanitarias reportaron que el brote ya dej\u00f3 3.362 muertos y casi 180.000 contagios. &#8220;El Presidente de la Republica,&#8230;<\/p>\n","protected":false},"author":3,"featured_media":63021,"comment_status":"closed","ping_status":"closed","sticky":false,"template":"","format":"standard","meta":[],"categories":[4],"tags":[],"_links":{"self":[{"href":"https:\/\/www.actualidadadiario.com\/index.php\/wp-json\/wp\/v2\/posts\/63020"}],"collection":[{"href":"https:\/\/www.actualidadadiario.com\/index.php\/wp-json\/wp\/v2\/posts"}],"about":[{"href":"https:\/\/www.actualidadadiario.com\/index.php\/wp-json\/wp\/v2\/types\/post"}],"author":[{"embeddable":true,"href":"https:\/\/www.actualidadadiario.com\/index.php\/wp-json\/wp\/v2\/users\/3"}],"replies":[{"embeddable":true,"href":"https:\/\/www.actualidadadiario.com\/index.php\/wp-json\/wp\/v2\/comments?post=63020"}],"version-history":[{"count":1,"href":"https:\/\/www.actualidadadiario.com\/index.php\/wp-json\/wp\/v2\/posts\/63020\/revisions"}],"predecessor-version":[{"id":63022,"href":"https:\/\/www.actualidadadiario.com\/index.php\/wp-json\/wp\/v2\/posts\/63020\/revisions\/63022"}],"wp:featuredmedia":[{"embeddable":true,"href":"https:\/\/www.actualidadadiario.com\/index.php\/wp-json\/wp\/v2\/media\/63021"}],"wp:attachment":[{"href":"https:\/\/www.actualidadadiario.com\/index.php\/wp-json\/wp\/v2\/media?parent=63020"}],"wp:term":[{"taxonomy":"category","embeddable":true,"href":"https:\/\/www.actualidadadiario.com\/index.php\/wp-json\/wp\/v2\/categories?post=63020"},{"taxonomy":"post_tag","embeddable":true,"href":"https:\/\/www.actualidadadiario.com\/index.php\/wp-json\/wp\/v2\/tags?post=63020"}],"curies":[{"name":"wp","href":"https:\/\/api.w.org\/{rel}","templated":true}]}}