{"id":63008,"date":"2020-06-16T12:54:18","date_gmt":"2020-06-16T15:54:18","guid":{"rendered":"https:\/\/www.actualidadadiario.com\/?p=63008"},"modified":"2020-06-16T12:54:18","modified_gmt":"2020-06-16T15:54:18","slug":"cafiero-dara-el-jueves-su-primer-informe-de-gestion","status":"publish","type":"post","link":"https:\/\/www.actualidadadiario.com\/index.php\/2020\/06\/16\/cafiero-dara-el-jueves-su-primer-informe-de-gestion\/","title":{"rendered":"Cafiero dar\u00e1 el jueves su primer informe de gesti\u00f3n"},"content":{"rendered":"<p style=\"text-align: center;\"><em><strong>El jefe de Gabinete, Santiago Cafiero, brindar\u00e1 este jueves su primer informe de gesti\u00f3n ante el Senado, cuyos integrantes ya enviaron por anticipado y por escrito algo m\u00e1s de 600 preguntas, la mayor\u00eda vinculadas con la pandemia de coronavirus, aunque tambi\u00e9n hay consultas sobre la investigaci\u00f3n por el presunto espionaje cometido durante el gobierno de Mauricio Macri contra dirigentes pol\u00edticos propios y opositores, jueces, sindicalistas y movimientos sociales<\/strong><\/em><\/p>\n<p>&nbsp;<\/p>\n<p>&nbsp;<\/p>\n<p>La presencia de Cafiero en el Congreso fue uno de los reclamos m\u00e1s batidos desde Juntos por el Cambio. Cafiero ya hab\u00eda anticipado su presencia en la C\u00e1mara alta, para alternar con la \u00faltima vez que el Jefe de Gabinete macrista, Marcos Pe\u00f1a, fue a Diputados el 10 de abril de 2019. En ese a\u00f1o electoral, Pe\u00f1a acudi\u00f3 s\u00f3lo dos veces al Parlamento y luego \u00fanicamente rindi\u00f3 informes por escrito.<\/p>\n<p>Cafiero contestar\u00e1 las preguntas desde el recinto del Senado. La mayor\u00eda, formuladas por la oposici\u00f3n: UCR, 255; PRO, 151 y su aliada del MPN, 76. El FdT gir\u00f3 51 preguntas. Se enfocan, sobre todo, en las pol\u00edticas adoptadas a ra\u00edz de la pandemia de covid-19, tanto para asistir a empresas, trabajadores, desocupados, jubilados y pensionados, como las medidas para el control de precios, la adecuaci\u00f3n de las actividades educativas y la instrumentaci\u00f3n de la aplicaci\u00f3n Cuid.AR. Tambi\u00e9n se solicita informaci\u00f3n de 32 organismos p\u00fablicos entre ministerios, secretar\u00edas y otras entidades como la Anses, la Agencia Federal de Inteligencia (AFI), el Banco Central, el PAMI y el Enacom.<\/p>\n<p>El informe se realizar\u00e1 con el protocolo establecido para las sesiones remotas por la pandemia. En el recinto s\u00f3lo estar\u00e1n presentes: Cafiero, la vicepresidenta y titular del cuerpo Cristina Fern\u00e1ndez de Kirchner; los secretarios parlamentario y administrativo, adem\u00e1s del resto de las autoridades de la C\u00e1mara: la presidenta provisional, Claudia Abdala de Zamora (FdT); el vicepresidente, Mart\u00edn Lousteau (UCR), el vicepresidente primero, Maurice Closs (FdT); y la vicepresidenta segunda, Laura Rodr\u00edguez Machado (PRO). El resto de los senadores participar\u00e1 en forma telem\u00e1tica.<\/p>\n","protected":false},"excerpt":{"rendered":"<p>El jefe de Gabinete, Santiago Cafiero, brindar\u00e1 este jueves su primer informe de gesti\u00f3n ante el Senado, cuyos integrantes ya enviaron por anticipado y por escrito algo m\u00e1s de 600 preguntas, la mayor\u00eda vinculadas con la pandemia de coronavirus, aunque tambi\u00e9n hay consultas sobre la investigaci\u00f3n por el presunto espionaje cometido durante el gobierno de Mauricio Macri contra dirigentes pol\u00edticos propios y opositores, jueces, sindicalistas y movimientos sociales &nbsp; &nbsp; La presencia de Cafiero en el Congreso fue uno de los reclamos m\u00e1s batidos desde Juntos por el Cambio. Cafiero&#8230;<\/p>\n","protected":false},"author":3,"featured_media":63009,"comment_status":"closed","ping_status":"closed","sticky":false,"template":"","format":"standard","meta":[],"categories":[18],"tags":[],"_links":{"self":[{"href":"https:\/\/www.actualidadadiario.com\/index.php\/wp-json\/wp\/v2\/posts\/63008"}],"collection":[{"href":"https:\/\/www.actualidadadiario.com\/index.php\/wp-json\/wp\/v2\/posts"}],"about":[{"href":"https:\/\/www.actualidadadiario.com\/index.php\/wp-json\/wp\/v2\/types\/post"}],"author":[{"embeddable":true,"href":"https:\/\/www.actualidadadiario.com\/index.php\/wp-json\/wp\/v2\/users\/3"}],"replies":[{"embeddable":true,"href":"https:\/\/www.actualidadadiario.com\/index.php\/wp-json\/wp\/v2\/comments?post=63008"}],"version-history":[{"count":1,"href":"https:\/\/www.actualidadadiario.com\/index.php\/wp-json\/wp\/v2\/posts\/63008\/revisions"}],"predecessor-version":[{"id":63010,"href":"https:\/\/www.actualidadadiario.com\/index.php\/wp-json\/wp\/v2\/posts\/63008\/revisions\/63010"}],"wp:featuredmedia":[{"embeddable":true,"href":"https:\/\/www.actualidadadiario.com\/index.php\/wp-json\/wp\/v2\/media\/63009"}],"wp:attachment":[{"href":"https:\/\/www.actualidadadiario.com\/index.php\/wp-json\/wp\/v2\/media?parent=63008"}],"wp:term":[{"taxonomy":"category","embeddable":true,"href":"https:\/\/www.actualidadadiario.com\/index.php\/wp-json\/wp\/v2\/categories?post=63008"},{"taxonomy":"post_tag","embeddable":true,"href":"https:\/\/www.actualidadadiario.com\/index.php\/wp-json\/wp\/v2\/tags?post=63008"}],"curies":[{"name":"wp","href":"https:\/\/api.w.org\/{rel}","templated":true}]}}