{"id":63003,"date":"2020-06-16T12:51:24","date_gmt":"2020-06-16T15:51:24","guid":{"rendered":"https:\/\/www.actualidadadiario.com\/?p=63003"},"modified":"2020-06-16T12:51:24","modified_gmt":"2020-06-16T15:51:24","slug":"arroyo-el-precio-de-los-alimentos-y-el-endeudamiento-de-las-familias-son-dos-problemas-centrales","status":"publish","type":"post","link":"https:\/\/www.actualidadadiario.com\/index.php\/2020\/06\/16\/arroyo-el-precio-de-los-alimentos-y-el-endeudamiento-de-las-familias-son-dos-problemas-centrales\/","title":{"rendered":"Arroyo: &#8220;El precio de los alimentos y el endeudamiento de las familias son dos problemas centrales&#8221;"},"content":{"rendered":"<p style=\"text-align: center;\"><em><strong>Para el ministro, la salida de esta situaci\u00f3n debe darse implementando &#8220;nuevos paradigmas e ideas&#8221;, y &#8220;no s\u00f3lo con recursos del Estado, ni encarando pol\u00edticas de fomento a sectores sino construyendo nuevos paradigmas&#8221;<\/strong><\/em><\/p>\n<p>&nbsp;<\/p>\n<p>&nbsp;<\/p>\n<p>El ministro de Desarrollo Social, Daniel Arroyo, consider\u00f3 hoy que &#8220;el precio de los alimentos y el endeudamiento en la familias&#8221; representan los &#8220;dos problemas centrales&#8221; para el gobierno nacional, y afirm\u00f3 que la salida de la pandemia de coronavirus &#8220;no es s\u00f3lo con recursos del estado sino construyendo nuevos paradigmas&#8221;.<\/p>\n<p>En di\u00e1logo con FM La Patriada, Arroyo dijo que la situaci\u00f3n social &#8220;m\u00e1s cr\u00edtica se da en los barrios m\u00e1s vulnerables&#8221; y consider\u00f3 que &#8220;el precio de los alimentos y el endeudamiento de las familias son los dos problemas centrales, si se quita el problema de salud en t\u00e9rminos de pandemia y de p\u00e9rdida trabajo&#8221; debido a las medidas de aislamiento.<\/p>\n<p>Para Arroyo, la salida de esta situaci\u00f3n debe darse implementando &#8220;nuevos paradigmas e ideas&#8221;, y &#8220;no s\u00f3lo con recursos del Estado, ni encarando pol\u00edticas de fomento a sectores sino construyendo nuevos paradigmas: si esta pandemia da una nueva oportunidad, esos debates, para achicar las bases de la desigualdad, tienen que estar presentes&#8221;.<\/p>\n<p>En cuanto al crecimiento de la pobreza, el ministro sostuvo que &#8220;est\u00e1 aumentado en general y en especial en los ni\u00f1os&#8221; y dijo que &#8220;no es posible tener un n\u00famero porque para medir faltan encuestas presenciales pero es evidente que est\u00e1 aumentando&#8221;.<\/p>\n<p>Sin embargo, ponder\u00f3 la red social que existe en Argentina: &#8220;En 2001 hubo una crisis profunda, y \u00e9sta se fue conformando para sostener y evitar la fractura social, y hoy es la que le est\u00e1 poniendo el cuerpo&#8221;,<\/p>\n<p>Posteriormente, en Radio Del Plata, manifest\u00f3 que esa red social no solo son &#8220;las organizaciones sociales, sino tambi\u00e9n las iglesias, las escuelas, el cura, el pastor, el t\u00e9cnico del club del barrio, el pibe de la esquina&#8221;.<\/p>\n<p>&#8220;Hay distintas miradas en Argentina respecto de los actores sociales y lo que hay que hacer. Pero est\u00e1 claro que es un momento para trabajar con todos, articular, acompa\u00f1ar, no es tiempo de tirar le\u00f1a al fuego&#8221;, dijo Arroyo.<\/p>\n<p>&#8220;La situaci\u00f3n social es cr\u00edtica y va a ser cr\u00edtica un tiempo largo, porque la cantidad de personas con dificultades va a ser muy grande en Argentina&#8221;, asever\u00f3.<\/p>\n","protected":false},"excerpt":{"rendered":"<p>Para el ministro, la salida de esta situaci\u00f3n debe darse implementando &#8220;nuevos paradigmas e ideas&#8221;, y &#8220;no s\u00f3lo con recursos del Estado, ni encarando pol\u00edticas de fomento a sectores sino construyendo nuevos paradigmas&#8221; &nbsp; &nbsp; El ministro de Desarrollo Social, Daniel Arroyo, consider\u00f3 hoy que &#8220;el precio de los alimentos y el endeudamiento en la familias&#8221; representan los &#8220;dos problemas centrales&#8221; para el gobierno nacional, y afirm\u00f3 que la salida de la pandemia de coronavirus &#8220;no es s\u00f3lo con recursos del estado sino construyendo nuevos paradigmas&#8221;. En di\u00e1logo con FM&#8230;<\/p>\n","protected":false},"author":3,"featured_media":63004,"comment_status":"closed","ping_status":"closed","sticky":false,"template":"","format":"standard","meta":[],"categories":[18],"tags":[],"_links":{"self":[{"href":"https:\/\/www.actualidadadiario.com\/index.php\/wp-json\/wp\/v2\/posts\/63003"}],"collection":[{"href":"https:\/\/www.actualidadadiario.com\/index.php\/wp-json\/wp\/v2\/posts"}],"about":[{"href":"https:\/\/www.actualidadadiario.com\/index.php\/wp-json\/wp\/v2\/types\/post"}],"author":[{"embeddable":true,"href":"https:\/\/www.actualidadadiario.com\/index.php\/wp-json\/wp\/v2\/users\/3"}],"replies":[{"embeddable":true,"href":"https:\/\/www.actualidadadiario.com\/index.php\/wp-json\/wp\/v2\/comments?post=63003"}],"version-history":[{"count":1,"href":"https:\/\/www.actualidadadiario.com\/index.php\/wp-json\/wp\/v2\/posts\/63003\/revisions"}],"predecessor-version":[{"id":63005,"href":"https:\/\/www.actualidadadiario.com\/index.php\/wp-json\/wp\/v2\/posts\/63003\/revisions\/63005"}],"wp:featuredmedia":[{"embeddable":true,"href":"https:\/\/www.actualidadadiario.com\/index.php\/wp-json\/wp\/v2\/media\/63004"}],"wp:attachment":[{"href":"https:\/\/www.actualidadadiario.com\/index.php\/wp-json\/wp\/v2\/media?parent=63003"}],"wp:term":[{"taxonomy":"category","embeddable":true,"href":"https:\/\/www.actualidadadiario.com\/index.php\/wp-json\/wp\/v2\/categories?post=63003"},{"taxonomy":"post_tag","embeddable":true,"href":"https:\/\/www.actualidadadiario.com\/index.php\/wp-json\/wp\/v2\/tags?post=63003"}],"curies":[{"name":"wp","href":"https:\/\/api.w.org\/{rel}","templated":true}]}}