{"id":63001,"date":"2020-06-16T12:50:34","date_gmt":"2020-06-16T15:50:34","guid":{"rendered":"https:\/\/www.actualidadadiario.com\/?p=63001"},"modified":"2020-06-16T12:50:34","modified_gmt":"2020-06-16T15:50:34","slug":"diputados-comienza-a-tratar-en-comision-la-regulacion-del-teletrabajo","status":"publish","type":"post","link":"https:\/\/www.actualidadadiario.com\/index.php\/2020\/06\/16\/diputados-comienza-a-tratar-en-comision-la-regulacion-del-teletrabajo\/","title":{"rendered":"Diputados comienza a tratar en comisi\u00f3n la regulaci\u00f3n del teletrabajo"},"content":{"rendered":"<p style=\"text-align: center;\"><em><strong>A la reuni\u00f3n, que comenzar\u00e1 a las 15, asistir\u00e1n representantes de la CGT y las dos CTA. El oficialismo present\u00f3 diez proyectos y la oposici\u00f3n cuatro<\/strong><\/em><\/p>\n<p>&nbsp;<\/p>\n<p>La comisi\u00f3n de Legislaci\u00f3n del Trabajo de la C\u00e1mara de Diputados iniciar\u00e1 esta tarde el debate por una nueva ley que regule el teletrabajo, modalidad que aument\u00f3 desde el inicio del aislamiento obligatorio por el coronavirus.<\/p>\n<p>A partir de las 15 la comisi\u00f3n presidida por Vanesa Siley recibir\u00e1 por videoconferencia en el marco de una reuni\u00f3n informativa a referentes del movimiento obrero, en tanto que para este mi\u00e9rcoles en el mismo horario se prev\u00e9 la participaci\u00f3n del ministro de Trabajo, Claudio Moroni.<\/p>\n<p>El tema ya viene siendo abordado hace una d\u00e9cada pero por distintas circunstancias la discusi\u00f3n qued\u00f3 extraviada: la pandemia reflot\u00f3 el inter\u00e9s por regular las pr\u00e1cticas de teletrabajo, que se masificaron producto del aislamiento social, preventivo y obligatorio dictado en medio de la pandemia de Covid-19.<\/p>\n<p>El contexto pareciera haber abierto una ventana de oportunidad ideal para definitivamente avanzar en una normativa que fije presupuestos m\u00ednimos de regulaci\u00f3n, y que deje libradas las cuestiones m\u00e1s finas a las convenciones colectivas de trabajo.<\/p>\n<p>En total ingresaron a la comisi\u00f3n 14 proyectos, de los cuales 10 pertenecen a legisladores del oficialismo, y los restantes cuatro a Juntos por el Cambio.<\/p>\n<p>El objetivo de Siley es perge\u00f1ar un mecanismo para unificar las distintas propuestas en un \u00fanico dictamen que recoja las premisas b\u00e1sicas de regulaci\u00f3n como la jornada laboral, el derecho a la desconexi\u00f3n digital, el consentimiento por escrito, equipamiento, compensaci\u00f3n de gastos, derecho a la intimidad, seguridad e higiene, entre otros.<\/p>\n<p>A la reuni\u00f3n de esta tarde asistir\u00e1n representantes de la Confederaci\u00f3n General del Trabajo (CGT); de la CTA de los Trabajadores; y de la CTA Aut\u00f3noma.<\/p>\n<p>Tambi\u00e9n habr\u00e1n integrantes de la Asociaci\u00f3n Gremial de Computaci\u00f3n &#8211; Trabajadores Inform\u00e1ticos (AGC); Asociaci\u00f3n del Personal Superior de Empresas de Energ\u00eda (APSEE); Asociaci\u00f3n de Trabajadores Argentinos de Centros de Contactos, Gesti\u00f3n de Procesos y Teletrabajo (ATACC); Centro de Profesionales de Empresas de Telecomunicaciones &#8220;Sindicato de los Profesionales de las Telecomunicaciones&#8221; (CePETel) y la Federaci\u00f3n de Obreros y Empleados de Telecomunicaciones de la Rep\u00fablica Argentina (FOETRA).<\/p>\n<p>Adem\u00e1s, estar\u00e1 representados el Sindicato Argentino de Televisi\u00f3n, Telecomunicaciones, Servicios Audiovisuales, Interactivos y de Datos. (SATSAID); Sindicato de Obreros, Especialistas y Empleados de los Servicios e Industria de las Telecomunicaciones de La Plata (SOEESIT); Uni\u00f3n Inform\u00e1tica; Uni\u00f3n del Personal Jer\u00e1rquico de Empresas de Telecomunicaciones (UPJET).<\/p>\n","protected":false},"excerpt":{"rendered":"<p>A la reuni\u00f3n, que comenzar\u00e1 a las 15, asistir\u00e1n representantes de la CGT y las dos CTA. El oficialismo present\u00f3 diez proyectos y la oposici\u00f3n cuatro &nbsp; La comisi\u00f3n de Legislaci\u00f3n del Trabajo de la C\u00e1mara de Diputados iniciar\u00e1 esta tarde el debate por una nueva ley que regule el teletrabajo, modalidad que aument\u00f3 desde el inicio del aislamiento obligatorio por el coronavirus. A partir de las 15 la comisi\u00f3n presidida por Vanesa Siley recibir\u00e1 por videoconferencia en el marco de una reuni\u00f3n informativa a referentes del movimiento obrero, en&#8230;<\/p>\n","protected":false},"author":3,"featured_media":60444,"comment_status":"closed","ping_status":"closed","sticky":false,"template":"","format":"standard","meta":[],"categories":[18],"tags":[],"_links":{"self":[{"href":"https:\/\/www.actualidadadiario.com\/index.php\/wp-json\/wp\/v2\/posts\/63001"}],"collection":[{"href":"https:\/\/www.actualidadadiario.com\/index.php\/wp-json\/wp\/v2\/posts"}],"about":[{"href":"https:\/\/www.actualidadadiario.com\/index.php\/wp-json\/wp\/v2\/types\/post"}],"author":[{"embeddable":true,"href":"https:\/\/www.actualidadadiario.com\/index.php\/wp-json\/wp\/v2\/users\/3"}],"replies":[{"embeddable":true,"href":"https:\/\/www.actualidadadiario.com\/index.php\/wp-json\/wp\/v2\/comments?post=63001"}],"version-history":[{"count":1,"href":"https:\/\/www.actualidadadiario.com\/index.php\/wp-json\/wp\/v2\/posts\/63001\/revisions"}],"predecessor-version":[{"id":63002,"href":"https:\/\/www.actualidadadiario.com\/index.php\/wp-json\/wp\/v2\/posts\/63001\/revisions\/63002"}],"wp:featuredmedia":[{"embeddable":true,"href":"https:\/\/www.actualidadadiario.com\/index.php\/wp-json\/wp\/v2\/media\/60444"}],"wp:attachment":[{"href":"https:\/\/www.actualidadadiario.com\/index.php\/wp-json\/wp\/v2\/media?parent=63001"}],"wp:term":[{"taxonomy":"category","embeddable":true,"href":"https:\/\/www.actualidadadiario.com\/index.php\/wp-json\/wp\/v2\/categories?post=63001"},{"taxonomy":"post_tag","embeddable":true,"href":"https:\/\/www.actualidadadiario.com\/index.php\/wp-json\/wp\/v2\/tags?post=63001"}],"curies":[{"name":"wp","href":"https:\/\/api.w.org\/{rel}","templated":true}]}}