{"id":62997,"date":"2020-06-16T12:49:44","date_gmt":"2020-06-16T15:49:44","guid":{"rendered":"https:\/\/www.actualidadadiario.com\/?p=62997"},"modified":"2020-06-16T12:49:44","modified_gmt":"2020-06-16T15:49:44","slug":"el-gobierno-extendio-la-intervencion-de-la-afi-por-otros-seis-meses","status":"publish","type":"post","link":"https:\/\/www.actualidadadiario.com\/index.php\/2020\/06\/16\/el-gobierno-extendio-la-intervencion-de-la-afi-por-otros-seis-meses\/","title":{"rendered":"El Gobierno extendi\u00f3 la intervenci\u00f3n de la AFI por otros seis meses"},"content":{"rendered":"<p style=\"text-align: center;\"><em><strong>El Gobierno oficializ\u00f3 la extensi\u00f3n de la intervenci\u00f3n en la Agencia Federal de Inteligencia (AFI) por otros seis meses y anunci\u00f3 que en los pr\u00f3ximos d\u00edas ser\u00e1 enviado al Senado de la Naci\u00f3n el pliego para que la actual interventora, Cristina Caama\u00f1o, sea designada como directora del organismo. La confirmaci\u00f3n se da en medio de la denuncia por el espionaje ilegal realizado durante el gobierno de Mauricio Macri a pol\u00edticos, periodistas y dirigentes<\/strong><\/em><\/p>\n<p>&nbsp;<\/p>\n<p>&nbsp;<\/p>\n<p>Por medio del decreto de necesidad y urgencia 540\/2020, publicado en el Bolet\u00edn Oficial con la firma del presidente Alberto Fern\u00e1ndez, se formaliz\u00f3 la intervenci\u00f3n de la AFI por 180 d\u00edas a partir del 21 de junio pr\u00f3ximo.<\/p>\n<p>En los considerandos del decreto publicado se indica que la AFI en los \u00faltimos a\u00f1os, &#8220;profundiz\u00f3 los aspectos secretos m\u00e1s all\u00e1 de toda necesidad funcional y por fuera de los objetivos leg\u00edtimos que toda actividad de inteligencia debe poseer en el marco del Estado constitucional de Derecho\u201d.<\/p>\n<p>En tanto, se\u00f1ala que la intervenci\u00f3n no implic\u00f3 \u201cdejar de lado la adopci\u00f3n de medidas urgentes y adecuaciones org\u00e1nicas, de personal y presupuestarias para llevar adelante el cumplimiento de la misi\u00f3n institucional dispuesto por la ley para el organismo\u201d.<\/p>\n<p>Asimismo se indica que, desde la designaci\u00f3n de Caama\u00f1o como interventora, \u201cse han comenzado a disponer modificaciones esenciales para consolidar un paradigma que, en materia de inteligencia, permite rendir cuentas ante la sociedad y expone los principios de publicidad, transparencia y eficiencia como bases de la reformulaci\u00f3n que se requiere\u201d.<\/p>\n<p>Se explic\u00f3 asimismo que esos cambios posibilitaron disponer \u201cuna modificaci\u00f3n esencial sobre una de las \u00e1reas que mayores distorsiones hab\u00eda evidenciado, relativa a la indebida interacci\u00f3n con el sistema de administraci\u00f3n de justicia, lo que se consolid\u00f3 con el dictado del Decreto de Necesidad y Urgencia N\u00b0 214 del 4 de marzo de 2020, que proh\u00edbe a los organismos de inteligencia participar como auxiliares de la justicia en las investigaciones criminales\u201d.<\/p>\n<p>En las \u00faltimas semanas, Caama\u00f1o denunci\u00f3 ante la Justicia el presunto espionaje ilegal llevado a cabo durante la gesti\u00f3n de Mauricio Macri. Present\u00f3 ante la Justicia correos electr\u00f3nicos que fueron intervenidos ilegalmente y fichas de periodistas y organizaciones que se inscribieron para el G20 que se realiz\u00f3 en Argentina.<\/p>\n","protected":false},"excerpt":{"rendered":"<p>El Gobierno oficializ\u00f3 la extensi\u00f3n de la intervenci\u00f3n en la Agencia Federal de Inteligencia (AFI) por otros seis meses y anunci\u00f3 que en los pr\u00f3ximos d\u00edas ser\u00e1 enviado al Senado de la Naci\u00f3n el pliego para que la actual interventora, Cristina Caama\u00f1o, sea designada como directora del organismo. La confirmaci\u00f3n se da en medio de la denuncia por el espionaje ilegal realizado durante el gobierno de Mauricio Macri a pol\u00edticos, periodistas y dirigentes &nbsp; &nbsp; Por medio del decreto de necesidad y urgencia 540\/2020, publicado en el Bolet\u00edn Oficial con&#8230;<\/p>\n","protected":false},"author":3,"featured_media":62998,"comment_status":"closed","ping_status":"closed","sticky":false,"template":"","format":"standard","meta":[],"categories":[18],"tags":[],"_links":{"self":[{"href":"https:\/\/www.actualidadadiario.com\/index.php\/wp-json\/wp\/v2\/posts\/62997"}],"collection":[{"href":"https:\/\/www.actualidadadiario.com\/index.php\/wp-json\/wp\/v2\/posts"}],"about":[{"href":"https:\/\/www.actualidadadiario.com\/index.php\/wp-json\/wp\/v2\/types\/post"}],"author":[{"embeddable":true,"href":"https:\/\/www.actualidadadiario.com\/index.php\/wp-json\/wp\/v2\/users\/3"}],"replies":[{"embeddable":true,"href":"https:\/\/www.actualidadadiario.com\/index.php\/wp-json\/wp\/v2\/comments?post=62997"}],"version-history":[{"count":2,"href":"https:\/\/www.actualidadadiario.com\/index.php\/wp-json\/wp\/v2\/posts\/62997\/revisions"}],"predecessor-version":[{"id":63000,"href":"https:\/\/www.actualidadadiario.com\/index.php\/wp-json\/wp\/v2\/posts\/62997\/revisions\/63000"}],"wp:featuredmedia":[{"embeddable":true,"href":"https:\/\/www.actualidadadiario.com\/index.php\/wp-json\/wp\/v2\/media\/62998"}],"wp:attachment":[{"href":"https:\/\/www.actualidadadiario.com\/index.php\/wp-json\/wp\/v2\/media?parent=62997"}],"wp:term":[{"taxonomy":"category","embeddable":true,"href":"https:\/\/www.actualidadadiario.com\/index.php\/wp-json\/wp\/v2\/categories?post=62997"},{"taxonomy":"post_tag","embeddable":true,"href":"https:\/\/www.actualidadadiario.com\/index.php\/wp-json\/wp\/v2\/tags?post=62997"}],"curies":[{"name":"wp","href":"https:\/\/api.w.org\/{rel}","templated":true}]}}