{"id":62987,"date":"2020-06-16T12:45:45","date_gmt":"2020-06-16T15:45:45","guid":{"rendered":"https:\/\/www.actualidadadiario.com\/?p=62987"},"modified":"2020-06-16T12:45:45","modified_gmt":"2020-06-16T15:45:45","slug":"el-gobierno-compensara-a-las-empresas-de-transporte-de-larga-distancia","status":"publish","type":"post","link":"https:\/\/www.actualidadadiario.com\/index.php\/2020\/06\/16\/el-gobierno-compensara-a-las-empresas-de-transporte-de-larga-distancia\/","title":{"rendered":"El Gobierno compensar\u00e1 a las empresas de transporte de larga distancia"},"content":{"rendered":"<p style=\"text-align: center;\"><em><strong>El Gobierno nacional estableci\u00f3 hoy una compensaci\u00f3n de emergencia por hasta $50 millones a las empresas de transporte automotor de pasajeros de larga distancia. Ser\u00e1 para las que hayan prestado servicios \u201cde naturaleza humanitaria\u201d en el marco de la cuarentena. La medida fue publicada este martes en el Bolet\u00edn Oficial, mediante la resoluci\u00f3n 137\/2020<\/strong><\/em><\/p>\n<p>&nbsp;<\/p>\n<p>&nbsp;<\/p>\n<p>La decisi\u00f3n se tom\u00f3 en el marco del R\u00e9gimen de Compensaciones Tarifarias al Transporte Automotor de Pasajeros de Larga Distancia. En este sentido, la Subsecretar\u00eda de Transporte Automotor requerir\u00e1 una declaraci\u00f3n jurada a cada una de las compa\u00f1\u00edas, como rendici\u00f3n del gasto. Se deber\u00e1n detallar los traslados realizados, indicando su origen y destino, las paradas efectuadas y los kil\u00f3metros recorridos.<\/p>\n<p>La medida remarca que los datos ser\u00e1n remitidos a la Comisi\u00f3n Nacional de Regulaci\u00f3n del Transporte (CNRT) para su control. Luego, informar\u00e1 si el servicio fue efectivamente prestado, si los kil\u00f3metros informados se corresponden con los requeridos para el traslado de marras. Y, a la vez, comunicar\u00e1 la tarifa kilom\u00e9trica a aplicar.<\/p>\n<p>La transferencia de las compensaciones ser\u00e1 efectuada a una cuenta bancaria abierta en el Banco Naci\u00f3n, bajo titularidad de la empresa prestataria. O bien, en su caso, a las cuentas bancarias de los cesionarios o fiduciarios. A las cuales se hubieren transferido las acreencias, seg\u00fan destaca la normativa.<\/p>\n<p>Desde el Gobierno argumentaron que la medida se toma \u201cen atenci\u00f3n a los efectos de la pandemia\u201c. Tambi\u00e9n por \u201cla colaboraci\u00f3n por ellas prestada para concretar el retorno de los ciudadanos repatriados a sus lugares de residencia. A lo que se suma que las mismas no reciben asistencia del Estado Nacional. Corresponde proceder a compensar el costo de los traslados efectuados por estrictas razones de naturaleza humanitaria\u201d.<\/p>\n","protected":false},"excerpt":{"rendered":"<p>El Gobierno nacional estableci\u00f3 hoy una compensaci\u00f3n de emergencia por hasta $50 millones a las empresas de transporte automotor de pasajeros de larga distancia. Ser\u00e1 para las que hayan prestado servicios \u201cde naturaleza humanitaria\u201d en el marco de la cuarentena. La medida fue publicada este martes en el Bolet\u00edn Oficial, mediante la resoluci\u00f3n 137\/2020 &nbsp; &nbsp; La decisi\u00f3n se tom\u00f3 en el marco del R\u00e9gimen de Compensaciones Tarifarias al Transporte Automotor de Pasajeros de Larga Distancia. En este sentido, la Subsecretar\u00eda de Transporte Automotor requerir\u00e1 una declaraci\u00f3n jurada a cada&#8230;<\/p>\n","protected":false},"author":3,"featured_media":12410,"comment_status":"closed","ping_status":"closed","sticky":false,"template":"","format":"standard","meta":[],"categories":[2],"tags":[],"_links":{"self":[{"href":"https:\/\/www.actualidadadiario.com\/index.php\/wp-json\/wp\/v2\/posts\/62987"}],"collection":[{"href":"https:\/\/www.actualidadadiario.com\/index.php\/wp-json\/wp\/v2\/posts"}],"about":[{"href":"https:\/\/www.actualidadadiario.com\/index.php\/wp-json\/wp\/v2\/types\/post"}],"author":[{"embeddable":true,"href":"https:\/\/www.actualidadadiario.com\/index.php\/wp-json\/wp\/v2\/users\/3"}],"replies":[{"embeddable":true,"href":"https:\/\/www.actualidadadiario.com\/index.php\/wp-json\/wp\/v2\/comments?post=62987"}],"version-history":[{"count":1,"href":"https:\/\/www.actualidadadiario.com\/index.php\/wp-json\/wp\/v2\/posts\/62987\/revisions"}],"predecessor-version":[{"id":62988,"href":"https:\/\/www.actualidadadiario.com\/index.php\/wp-json\/wp\/v2\/posts\/62987\/revisions\/62988"}],"wp:featuredmedia":[{"embeddable":true,"href":"https:\/\/www.actualidadadiario.com\/index.php\/wp-json\/wp\/v2\/media\/12410"}],"wp:attachment":[{"href":"https:\/\/www.actualidadadiario.com\/index.php\/wp-json\/wp\/v2\/media?parent=62987"}],"wp:term":[{"taxonomy":"category","embeddable":true,"href":"https:\/\/www.actualidadadiario.com\/index.php\/wp-json\/wp\/v2\/categories?post=62987"},{"taxonomy":"post_tag","embeddable":true,"href":"https:\/\/www.actualidadadiario.com\/index.php\/wp-json\/wp\/v2\/tags?post=62987"}],"curies":[{"name":"wp","href":"https:\/\/api.w.org\/{rel}","templated":true}]}}