{"id":62980,"date":"2020-06-16T12:43:27","date_gmt":"2020-06-16T15:43:27","guid":{"rendered":"https:\/\/www.actualidadadiario.com\/?p=62980"},"modified":"2020-06-16T12:43:27","modified_gmt":"2020-06-16T15:43:27","slug":"arranca-en-seis-provincias-el-programa-potenciar-trabajo","status":"publish","type":"post","link":"https:\/\/www.actualidadadiario.com\/index.php\/2020\/06\/16\/arranca-en-seis-provincias-el-programa-potenciar-trabajo\/","title":{"rendered":"Arranca en seis provincias el programa Potenciar Trabajo"},"content":{"rendered":"<p style=\"text-align: center;\"><em><strong>Es una fusi\u00f3n de los planes Hacemos Futuro y Salario Social Complementario, y busca formar a personas que cobran subsidios en paralelo a su trabajo de &#8220;changas&#8221;<\/strong><\/em><\/p>\n<p>&nbsp;<\/p>\n<p>&nbsp;<\/p>\n<p>&nbsp;<\/p>\n<p>La Rioja, Tucum\u00e1n, Catamarca, Entre R\u00edos, Santa Fe y San Juan dar\u00e1n el puntapi\u00e9 inicial al programa federal Potenciar Trabajo, con el que el gobierno nacional generar\u00e1 300 mil puestos de mano de obra intensiva en desarrollos municipales y unidades productivas de la econom\u00eda social, con el objetivo de &#8220;resignificar los planes sociales con trabajo formalizado&#8221;.<\/p>\n<p>&#8220;La idea es que las personas se vinculen con el trabajo en emprendimientos p\u00fablicos y privados locales, de acuerdo con las necesidades de cada comunidad y que sirva para formalizar ese hacer&#8221;, explic\u00f3 hoy en di\u00e1logo telef\u00f3nico con T\u00e9lam, el ministro de Desarrollo Social, Daniel Arroyo, quien cumple su tercer d\u00eda de aislamiento estricto, luego de la confirmaci\u00f3n de que hab\u00eda contra\u00eddo coronavirus el intendente de Lomas de Zamora, Mart\u00edn Insaurralde, con quien se hab\u00eda reunido la semana pasada.<\/p>\n<p>La idea es que Potenciar Trabajo, una fusi\u00f3n de los programas &#8220;Hacemos Futuro&#8221; y &#8220;Salario Social Complementario&#8221;, llegue a unos 580 mil trabajadores y trabajadoras, pero en una primera etapa tendr\u00e1 por objetivo darle &#8220;oportunidades&#8221; a unas 300 mil personas, que hoy cobran subsidios y que, en caso de sumarse a obras o unidades productivas y trabajen m\u00e1s de 4 horas diarias, podr\u00e1n cobrar el equivalente a un salario m\u00ednimo vital y m\u00f3vil.<\/p>\n<p>&#8220;Todo depender\u00e1 de la apertura de la actividad econ\u00f3mica en cada regi\u00f3n, provincia y localidad; por eso empezamos por los lugares donde hay mayores posibilidades actualmente, en el contexto de la pandemia de coronavirus&#8221;, explic\u00f3 Arroyo, quien advirti\u00f3 que de las seis provincias elegidas para los primeros proyectos, Santa Fe est\u00e1 en una etapa inicial y San Juan, pr\u00f3xima a firmar el convenio.<\/p>\n<p>Arroyo puntualiz\u00f3 que la propuesta est\u00e1 pensada para quienes cobraban un subsidio, recib\u00edan alguna capacitaci\u00f3n y, en paralelo, hac\u00edan changas por su cuenta. Ahora ese universo de personas &#8220;baj\u00f3 a cero su ingreso&#8221; y con Potenciar Trabajo podr\u00e1n ser parte de una unidad de gesti\u00f3n y de proyectos de peque\u00f1a escala para reformar su barrio o sus propias casas.<\/p>\n<p>La aplicaci\u00f3n en el conurbano, un \u00e1rea clave, &#8220;ser\u00e1 m\u00e1s lenta&#8221; por el aislamiento obligatorio m\u00e1s estricto vigente y el distanciamiento necesario para encarar los proyectos, pero Arroyo confi\u00f3 en que podr\u00e1 realizarse &#8220;algunas obras de muy peque\u00f1a escala&#8221; hasta que se supere la pandemia y anticip\u00f3 que el pr\u00f3ximo destino de los programas ser\u00e1n las provincias de la Patagonia.<\/p>\n<p>Potenciar Trabajo consiste en la creaci\u00f3n de unidades productivas para desarrollar iniciativas individuales, colectivas, urbanas y rurales, que recibir\u00e1n subsidios y podr\u00e1n acceder a cr\u00e9ditos no bancarios a tasas bajas para la compra de m\u00e1quinas, herramientas, insumos, bienes de capital y un &#8220;ingreso protegido&#8221;.<\/p>\n<p>Peque\u00f1as obras de infraestructura local, en coordinaci\u00f3n con provincias y municipios, producci\u00f3n de alimentos y desarrollo del comercio popular, impulso a emprendimientos cooperativos textiles, econom\u00eda del cuidado y recolecci\u00f3n y reciclado de residuos urbanos son las 5 formas de involucrarse en el programa Potenciar Trabajo.<\/p>\n<p>&#8220;Son fuentes de generaci\u00f3n de empleo inclusivo porque mejoran las condiciones laborales muchas veces insalubres e indignas de los trabajadores&#8221;, explic\u00f3<\/p>\n<p>Otro punto considerado esencial para el Ministerio de Desarrollo es la confecci\u00f3n -ya iniciada- del Registro Nacional de Trabajadores de la Econom\u00eda Popular (ReNaTEP), que busca &#8220;reconocer, formalizar y garantizar los derechos de los trabajadores y trabajadoras&#8221; m\u00e1s vulnerables.<\/p>\n<p>A partir de su inclusi\u00f3n en ese registro podr\u00e1n &#8220;acceder a herramientas para potenciar su trabajo, como seguridad social, capacitaci\u00f3n, redes de comercializaci\u00f3n, cr\u00e9ditos y mecanismos de inclusi\u00f3n financiera&#8221;.<\/p>\n","protected":false},"excerpt":{"rendered":"<p>Es una fusi\u00f3n de los planes Hacemos Futuro y Salario Social Complementario, y busca formar a personas que cobran subsidios en paralelo a su trabajo de &#8220;changas&#8221; &nbsp; &nbsp; &nbsp; La Rioja, Tucum\u00e1n, Catamarca, Entre R\u00edos, Santa Fe y San Juan dar\u00e1n el puntapi\u00e9 inicial al programa federal Potenciar Trabajo, con el que el gobierno nacional generar\u00e1 300 mil puestos de mano de obra intensiva en desarrollos municipales y unidades productivas de la econom\u00eda social, con el objetivo de &#8220;resignificar los planes sociales con trabajo formalizado&#8221;. &#8220;La idea es que&#8230;<\/p>\n","protected":false},"author":3,"featured_media":62981,"comment_status":"closed","ping_status":"closed","sticky":false,"template":"","format":"standard","meta":[],"categories":[2],"tags":[],"_links":{"self":[{"href":"https:\/\/www.actualidadadiario.com\/index.php\/wp-json\/wp\/v2\/posts\/62980"}],"collection":[{"href":"https:\/\/www.actualidadadiario.com\/index.php\/wp-json\/wp\/v2\/posts"}],"about":[{"href":"https:\/\/www.actualidadadiario.com\/index.php\/wp-json\/wp\/v2\/types\/post"}],"author":[{"embeddable":true,"href":"https:\/\/www.actualidadadiario.com\/index.php\/wp-json\/wp\/v2\/users\/3"}],"replies":[{"embeddable":true,"href":"https:\/\/www.actualidadadiario.com\/index.php\/wp-json\/wp\/v2\/comments?post=62980"}],"version-history":[{"count":1,"href":"https:\/\/www.actualidadadiario.com\/index.php\/wp-json\/wp\/v2\/posts\/62980\/revisions"}],"predecessor-version":[{"id":62982,"href":"https:\/\/www.actualidadadiario.com\/index.php\/wp-json\/wp\/v2\/posts\/62980\/revisions\/62982"}],"wp:featuredmedia":[{"embeddable":true,"href":"https:\/\/www.actualidadadiario.com\/index.php\/wp-json\/wp\/v2\/media\/62981"}],"wp:attachment":[{"href":"https:\/\/www.actualidadadiario.com\/index.php\/wp-json\/wp\/v2\/media?parent=62980"}],"wp:term":[{"taxonomy":"category","embeddable":true,"href":"https:\/\/www.actualidadadiario.com\/index.php\/wp-json\/wp\/v2\/categories?post=62980"},{"taxonomy":"post_tag","embeddable":true,"href":"https:\/\/www.actualidadadiario.com\/index.php\/wp-json\/wp\/v2\/tags?post=62980"}],"curies":[{"name":"wp","href":"https:\/\/api.w.org\/{rel}","templated":true}]}}