{"id":62974,"date":"2020-06-16T12:41:25","date_gmt":"2020-06-16T15:41:25","guid":{"rendered":"https:\/\/www.actualidadadiario.com\/?p=62974"},"modified":"2020-06-16T12:41:25","modified_gmt":"2020-06-16T15:41:25","slug":"desafio-jujuy-abre-hoy-escuelas-rurales-para-apoyo-escolar","status":"publish","type":"post","link":"https:\/\/www.actualidadadiario.com\/index.php\/2020\/06\/16\/desafio-jujuy-abre-hoy-escuelas-rurales-para-apoyo-escolar\/","title":{"rendered":"Desaf\u00edo: Jujuy abre hoy escuelas rurales para &#8220;apoyo escolar&#8221;"},"content":{"rendered":"<p style=\"text-align: center;\"><em><strong>Estrategia propia alcanza en esta primera etapa a establecimientos escolares rurales con albergue. &#8220;No es obligatorio&#8221;, dice, para intentar esquivar incompatibilidad con DNU que freeza clases y con esquema de retorno a aulas en agosto que dise\u00f1an Naci\u00f3n y provincias. Por temor a brote importado deja afuera a los fronterizos<\/strong><\/em><\/p>\n<p>&nbsp;<\/p>\n<p>&nbsp;<\/p>\n<p>Fue el primero en suspender las clases en el inicio de la pandemia, incluso antes de la orden nacional. Ahora, el radical Gerardo Morales activar\u00e1 desde este martes el primer cap\u00edtulo de un retorno parcial y escalonado a las aulas en Jujuy, que alcanza a 70 escuelas rurales primarias y secundarias con albergue (no las fronterizas, por la amenaza de contagios importados).<\/p>\n<p>Ser\u00e1 bajo el formato de \u201capoyo escolar\u201d de car\u00e1cter \u201cvoluntario\u201d, pero en los hechos representa el primer regreso a alg\u00fan tipo de &#8220;clase&#8221; presencial en el pa\u00eds, m\u00e1s all\u00e1 de la fugaz y reciente experiencia de una semana en escuelas de la Puna catamarque\u00f1a para cerrar su ciclo lectivo, desfasado del resto.<\/p>\n<p>\u201cNo es la vuelta a clase como est\u00e1 planteado en el DNU dictado por el Gobierno nacional, porque no es obligatorio\u201d, se apresur\u00f3 a remarcar Morales en la noche del domingo respecto del per\u00edodo que debuta este martes, tras el fin del anticipado receso invernal local y frente al hecho de que todav\u00eda rige el decreto de necesidad y urgencia de Alberto Fern\u00e1ndez que mantiene congelado el dictado de clases presenciales en todo el pa\u00eds.<\/p>\n<p>Precisamente, el ministro de Educaci\u00f3n nacional, Nicol\u00e1s Trotta, avanza con las provincias -y un equipo multidisciplinario que incluye a la cartera de Salud de Gin\u00e9s Gonz\u00e1lez Garc\u00eda- en el dise\u00f1o de los protocolos para un regreso escalonado a las clases presenciales en todos los niveles, tras las vacaciones de invierno.<\/p>\n<p>\u201cTodo hace suponer que en agosto podremos tener un retorno bastante importante a las aulas en provincias que est\u00e1n hoy en Fase 5, de sostenerse el baj\u00edsimo nivel de circulaci\u00f3n\u201d, dijo este lunes Trotta, en di\u00e1logo con Futurock FM. La mirada est\u00e1 puesta en el 3 de agosto. \u201cEn zonas rurales -como lo plantearon Jujuy, Catamarca y San Juan- quiz\u00e1s unas semanas antes podamos dar ese paso\u201d, agreg\u00f3.<\/p>\n<p>La avanzada que activar\u00e1 este martes Jujuy va sin embargo por fuera de ese esquema macro (al conocerla, la cartera de Educaci\u00f3n nacional present\u00f3 reparos). Pero en los hechos actuar\u00e1 como una suerte de prueba piloto para el retorno a las aulas desde agosto en provincias con baja o nula circulaci\u00f3n viral.<\/p>\n<p>\u201cHab\u00eda una confusi\u00f3n de las autoridades nacionales, que tienen s\u00ed la cuesti\u00f3n del tema del inicio de clases; \u00e9sto es un plan de apoyo escolar y de volver al contacto de docentes con los ni\u00f1os, especialmente en escuelas donde no hay conectividad, que se manejaron con cartillas y donde entendemos puede haber zonas de mayor vulnerabilidad en t\u00e9rminos educativos\u201d, dijo en la noche del domingo Morales, en defensa de la estrategia provincial.<\/p>\n<p>El Programa de Apoyo Escolar \u201cEstamos m\u00e1s cerca\u201d -el primer escal\u00f3n de cuatro fases de car\u00e1cter provincial- se vio acotado a \u00faltimo momento con las novedades negativas que brotaron desde la frontera.<\/p>\n<p>Frente a la escalada de casos que muestra la vecina ciudad boliviana de Villaz\u00f3n, el Comit\u00e9 Operativo de Emergencia juje\u00f1o acaba de anunciar el retroceso desde este lunes \u2013y por 7 d\u00edas- a Fase 1 de La Quiaca, con onda expansiva hacia todas las escuelas de las localidades de frontera (de los departamentos de Santa Catalina y Yavi y en Lagunillas de Farall\u00f3n), que no retomar\u00e1n este martes las actividades previstas.<\/p>\n<p>En ese escenario, el gobierno juje\u00f1o \u2013que destaca que la provincia no muestra circulaci\u00f3n local del virus y tuvo 8 casos- activ\u00f3 el domingo un diagrama de test de detecci\u00f3n de coronavirus y de vacunaci\u00f3n contra la gripe sobre los docentes que reanudar\u00e1n la actividad en escuelas rurales. Los establecimientos educativos adem\u00e1s tendr\u00e1n un term\u00f3metro digital infrarrojo y un refuerzo de los elementos de limpieza. Maestros y alumnos, en tanto, deber\u00e1n usar el tapabocas de rigor.<\/p>\n<p>\u201cTrabajamos en consenso con todos los gremios para que haya la menor circulaci\u00f3n posible en este plan de apoyo escolar\u201d, dijo Morales, en una provincia que se encuentra en la fase nacional de &#8220;distanciamiento social&#8221;.<\/p>\n<p>La Fase 1 del programa de apoyo escolar local que arranca este martes \u2013voluntario y progresivo, y destinado a apuntalar el dictado de clases remotas, con foco en estudiantes \u201ccon vulnerabilidad pedag\u00f3gica\u201d- alcanza a 70 escuelas primarias y secundarias con albergue anexo ubicadas en zonas rurales dispersas.<\/p>\n<p>\u201cEs voluntario y empieza en las zonas rurales m\u00e1s aisladas, con una intensidad adecuada para nivelar los aprendizajes\u201d, dijo la ministra de Educaci\u00f3n juje\u00f1a, Isolda Calsina.<\/p>\n<p>A priori, la Fase 2 apunta a que reciban clases de apoyo desde el 22 de junio unos 12 mil estudiantes de otras 200 escuelas rurales, mientras que la Fase 3 (29 de junio) hace foco ya en estudiantes vulnerables de escuelas urbanas y la Fase 4 (13 de julio) incorpora apoyo escolar para unos 100 mil alumnos de distintas ciudades.<\/p>\n","protected":false},"excerpt":{"rendered":"<p>Estrategia propia alcanza en esta primera etapa a establecimientos escolares rurales con albergue. &#8220;No es obligatorio&#8221;, dice, para intentar esquivar incompatibilidad con DNU que freeza clases y con esquema de retorno a aulas en agosto que dise\u00f1an Naci\u00f3n y provincias. Por temor a brote importado deja afuera a los fronterizos &nbsp; &nbsp; Fue el primero en suspender las clases en el inicio de la pandemia, incluso antes de la orden nacional. Ahora, el radical Gerardo Morales activar\u00e1 desde este martes el primer cap\u00edtulo de un retorno parcial y escalonado a&#8230;<\/p>\n","protected":false},"author":3,"featured_media":62975,"comment_status":"closed","ping_status":"closed","sticky":false,"template":"","format":"standard","meta":[],"categories":[2],"tags":[],"_links":{"self":[{"href":"https:\/\/www.actualidadadiario.com\/index.php\/wp-json\/wp\/v2\/posts\/62974"}],"collection":[{"href":"https:\/\/www.actualidadadiario.com\/index.php\/wp-json\/wp\/v2\/posts"}],"about":[{"href":"https:\/\/www.actualidadadiario.com\/index.php\/wp-json\/wp\/v2\/types\/post"}],"author":[{"embeddable":true,"href":"https:\/\/www.actualidadadiario.com\/index.php\/wp-json\/wp\/v2\/users\/3"}],"replies":[{"embeddable":true,"href":"https:\/\/www.actualidadadiario.com\/index.php\/wp-json\/wp\/v2\/comments?post=62974"}],"version-history":[{"count":1,"href":"https:\/\/www.actualidadadiario.com\/index.php\/wp-json\/wp\/v2\/posts\/62974\/revisions"}],"predecessor-version":[{"id":62976,"href":"https:\/\/www.actualidadadiario.com\/index.php\/wp-json\/wp\/v2\/posts\/62974\/revisions\/62976"}],"wp:featuredmedia":[{"embeddable":true,"href":"https:\/\/www.actualidadadiario.com\/index.php\/wp-json\/wp\/v2\/media\/62975"}],"wp:attachment":[{"href":"https:\/\/www.actualidadadiario.com\/index.php\/wp-json\/wp\/v2\/media?parent=62974"}],"wp:term":[{"taxonomy":"category","embeddable":true,"href":"https:\/\/www.actualidadadiario.com\/index.php\/wp-json\/wp\/v2\/categories?post=62974"},{"taxonomy":"post_tag","embeddable":true,"href":"https:\/\/www.actualidadadiario.com\/index.php\/wp-json\/wp\/v2\/tags?post=62974"}],"curies":[{"name":"wp","href":"https:\/\/api.w.org\/{rel}","templated":true}]}}