{"id":62972,"date":"2020-06-16T12:40:19","date_gmt":"2020-06-16T15:40:19","guid":{"rendered":"https:\/\/www.actualidadadiario.com\/?p=62972"},"modified":"2020-06-16T12:40:19","modified_gmt":"2020-06-16T15:40:19","slug":"marcha-atras-y-stand-by-en-tres-provincias","status":"publish","type":"post","link":"https:\/\/www.actualidadadiario.com\/index.php\/2020\/06\/16\/marcha-atras-y-stand-by-en-tres-provincias\/","title":{"rendered":"Marcha atr\u00e1s y stand by en tres provincias"},"content":{"rendered":"<p style=\"text-align: center;\"><em><strong>La multiplicaci\u00f3n de casos de coronavirus en las \u00faltimas horas precipit\u00f3 la decisi\u00f3n de dos provincias, Chaco y Chubut, de endurecer las medidas de aislamiento social. Mientras que en Entre R\u00edos el gobernador Gustavo Bordet resolvi\u00f3 no autorizar nuevas aperturas frente al aumento repentino de la curva de contagios<\/strong><\/em><\/p>\n<p>&nbsp;<\/p>\n<p>El caso m\u00e1s grave es, por lejos, el de Chaco. All\u00ed, el gobernador Jorge Capitanich firm\u00f3 ayer un decreto que ordena cerrar las fronteras de la provincia, y dispone, en cuatro localidades, el cese de todas las actividades no esenciales hasta el 21 de junio, inclusive la venta de combustible, que se expender\u00e1 solo para posibilitar las tareas de seguridad y salud.<\/p>\n<p>Aunque la medida de limitar las actividades comerciales rige solo para las cuatro localidades m\u00e1s afectadas por la pandemia, el gobierno provincial pidi\u00f3 al resto de los municipios que se sumen a extremar el aislamiento.<\/p>\n<p>En principio, seg\u00fan detall\u00f3 el ministro de Gobierno, Juan Manuel Chapo, las localidades afectadas son la capital, Resistencia, junto con Barranqueras, Fontana y Puerto Vilelas, todas dentro del departamento de San Fernando, el \u00fanico donde se mantiene la circulaci\u00f3n viral.<\/p>\n<p>Chaco registra 1.326 casos de Covid-19 y 72 muertos. En las \u00faltimas horas el gobierno chaque\u00f1o inform\u00f3 que la ministra de Seguridad y Justicia, Gloria Salazar, y la secretaria de Desarrollo Territorial y Ambiente, Marta Soneira, dieron positivo\u201d de Covid.<\/p>\n<p>En Chubut, una de las provincias que el lunes pasado hab\u00eda ingresado en la fase de distanciamiento social, el gobierno de Mariano Arcioni se vio obligado a volver por 14 d\u00edas a la fase 2 de la cuarentena en las ciudades de Trelew, Madryn, Rawson, Comodoro, Camarones y Rada Tilly por el brote de coronavirus. Adem\u00e1s, se interrumpir\u00e1 la actividad portuaria, pero se acord\u00f3 por el momento que los comercios continuar\u00e1n abiertos.<\/p>\n","protected":false},"excerpt":{"rendered":"<p>La multiplicaci\u00f3n de casos de coronavirus en las \u00faltimas horas precipit\u00f3 la decisi\u00f3n de dos provincias, Chaco y Chubut, de endurecer las medidas de aislamiento social. Mientras que en Entre R\u00edos el gobernador Gustavo Bordet resolvi\u00f3 no autorizar nuevas aperturas frente al aumento repentino de la curva de contagios &nbsp; El caso m\u00e1s grave es, por lejos, el de Chaco. All\u00ed, el gobernador Jorge Capitanich firm\u00f3 ayer un decreto que ordena cerrar las fronteras de la provincia, y dispone, en cuatro localidades, el cese de todas las actividades no esenciales&#8230;<\/p>\n","protected":false},"author":3,"featured_media":60302,"comment_status":"closed","ping_status":"closed","sticky":false,"template":"","format":"standard","meta":[],"categories":[9],"tags":[],"_links":{"self":[{"href":"https:\/\/www.actualidadadiario.com\/index.php\/wp-json\/wp\/v2\/posts\/62972"}],"collection":[{"href":"https:\/\/www.actualidadadiario.com\/index.php\/wp-json\/wp\/v2\/posts"}],"about":[{"href":"https:\/\/www.actualidadadiario.com\/index.php\/wp-json\/wp\/v2\/types\/post"}],"author":[{"embeddable":true,"href":"https:\/\/www.actualidadadiario.com\/index.php\/wp-json\/wp\/v2\/users\/3"}],"replies":[{"embeddable":true,"href":"https:\/\/www.actualidadadiario.com\/index.php\/wp-json\/wp\/v2\/comments?post=62972"}],"version-history":[{"count":1,"href":"https:\/\/www.actualidadadiario.com\/index.php\/wp-json\/wp\/v2\/posts\/62972\/revisions"}],"predecessor-version":[{"id":62973,"href":"https:\/\/www.actualidadadiario.com\/index.php\/wp-json\/wp\/v2\/posts\/62972\/revisions\/62973"}],"wp:featuredmedia":[{"embeddable":true,"href":"https:\/\/www.actualidadadiario.com\/index.php\/wp-json\/wp\/v2\/media\/60302"}],"wp:attachment":[{"href":"https:\/\/www.actualidadadiario.com\/index.php\/wp-json\/wp\/v2\/media?parent=62972"}],"wp:term":[{"taxonomy":"category","embeddable":true,"href":"https:\/\/www.actualidadadiario.com\/index.php\/wp-json\/wp\/v2\/categories?post=62972"},{"taxonomy":"post_tag","embeddable":true,"href":"https:\/\/www.actualidadadiario.com\/index.php\/wp-json\/wp\/v2\/tags?post=62972"}],"curies":[{"name":"wp","href":"https:\/\/api.w.org\/{rel}","templated":true}]}}