{"id":62967,"date":"2020-06-16T12:32:49","date_gmt":"2020-06-16T15:32:49","guid":{"rendered":"https:\/\/www.actualidadadiario.com\/?p=62967"},"modified":"2020-06-16T12:39:07","modified_gmt":"2020-06-16T15:39:07","slug":"el-ministro-de-salud-de-la-nacion-llega-a-entre-rios-y-se-reune-con-el-gobernador","status":"publish","type":"post","link":"https:\/\/www.actualidadadiario.com\/index.php\/2020\/06\/16\/el-ministro-de-salud-de-la-nacion-llega-a-entre-rios-y-se-reune-con-el-gobernador\/","title":{"rendered":"El ministro de Salud de la Naci\u00f3n lleg\u00f3 a Entre R\u00edos y se re\u00fane con el gobernador"},"content":{"rendered":"<p style=\"text-align: center;\"><em><strong>El ministro de Salud de la Naci\u00f3n, Gin\u00e9s Gonz\u00e1lez Garc\u00eda, se encuentra en la capital provincial. Se reunir\u00e1 por videoconferencia con directores de hospitales de la provincia, luego mantendr\u00e1 un encuentro con el gobernador Gustavo Bordet y a las 13 brindar\u00e1 una conferencia de prensa<\/strong><\/em><\/p>\n<p>&nbsp;<\/p>\n<p>&nbsp;<\/p>\n<p>En el medio de la pandemia y de un crecimiento de casos importante, tanto a nivel nacional como provincial, el Ministro de Salud estar\u00e1 en Entre R\u00edos.<\/p>\n<p>Seg\u00fan la informaci\u00f3n, se reunir\u00e1 con directores de hospitales de la provincia a trav\u00e9s de videoconferencia, luego mantendr\u00e1 un encuentro con el gobernador Gustavo Bordet.<\/p>\n<p>A las 13 brindar\u00e1 una conferencia de prensa junto al mandatario provincial y a la ministra de Salud de Entre R\u00edos, Sonia Vel\u00e1zquez.<\/p>\n","protected":false},"excerpt":{"rendered":"<p>El ministro de Salud de la Naci\u00f3n, Gin\u00e9s Gonz\u00e1lez Garc\u00eda, se encuentra en la capital provincial. Se reunir\u00e1 por videoconferencia con directores de hospitales de la provincia, luego mantendr\u00e1 un encuentro con el gobernador Gustavo Bordet y a las 13 brindar\u00e1 una conferencia de prensa &nbsp; &nbsp; En el medio de la pandemia y de un crecimiento de casos importante, tanto a nivel nacional como provincial, el Ministro de Salud estar\u00e1 en Entre R\u00edos. Seg\u00fan la informaci\u00f3n, se reunir\u00e1 con directores de hospitales de la provincia a trav\u00e9s de videoconferencia,&#8230;<\/p>\n","protected":false},"author":3,"featured_media":62970,"comment_status":"closed","ping_status":"closed","sticky":false,"template":"","format":"standard","meta":[],"categories":[9],"tags":[],"_links":{"self":[{"href":"https:\/\/www.actualidadadiario.com\/index.php\/wp-json\/wp\/v2\/posts\/62967"}],"collection":[{"href":"https:\/\/www.actualidadadiario.com\/index.php\/wp-json\/wp\/v2\/posts"}],"about":[{"href":"https:\/\/www.actualidadadiario.com\/index.php\/wp-json\/wp\/v2\/types\/post"}],"author":[{"embeddable":true,"href":"https:\/\/www.actualidadadiario.com\/index.php\/wp-json\/wp\/v2\/users\/3"}],"replies":[{"embeddable":true,"href":"https:\/\/www.actualidadadiario.com\/index.php\/wp-json\/wp\/v2\/comments?post=62967"}],"version-history":[{"count":2,"href":"https:\/\/www.actualidadadiario.com\/index.php\/wp-json\/wp\/v2\/posts\/62967\/revisions"}],"predecessor-version":[{"id":62971,"href":"https:\/\/www.actualidadadiario.com\/index.php\/wp-json\/wp\/v2\/posts\/62967\/revisions\/62971"}],"wp:featuredmedia":[{"embeddable":true,"href":"https:\/\/www.actualidadadiario.com\/index.php\/wp-json\/wp\/v2\/media\/62970"}],"wp:attachment":[{"href":"https:\/\/www.actualidadadiario.com\/index.php\/wp-json\/wp\/v2\/media?parent=62967"}],"wp:term":[{"taxonomy":"category","embeddable":true,"href":"https:\/\/www.actualidadadiario.com\/index.php\/wp-json\/wp\/v2\/categories?post=62967"},{"taxonomy":"post_tag","embeddable":true,"href":"https:\/\/www.actualidadadiario.com\/index.php\/wp-json\/wp\/v2\/tags?post=62967"}],"curies":[{"name":"wp","href":"https:\/\/api.w.org\/{rel}","templated":true}]}}