{"id":62965,"date":"2020-06-16T12:32:04","date_gmt":"2020-06-16T15:32:04","guid":{"rendered":"https:\/\/www.actualidadadiario.com\/?p=62965"},"modified":"2020-06-16T12:32:04","modified_gmt":"2020-06-16T15:32:04","slug":"federacion-lanza-un-programa-de-contencion-para-personas-afectadas-por-la-cuarentena","status":"publish","type":"post","link":"https:\/\/www.actualidadadiario.com\/index.php\/2020\/06\/16\/federacion-lanza-un-programa-de-contencion-para-personas-afectadas-por-la-cuarentena\/","title":{"rendered":"Federaci\u00f3n lanza un programa de contenci\u00f3n para personas afectadas por la cuarentena"},"content":{"rendered":"<p style=\"text-align: center;\"><em><strong>\u00abVoces que acompa\u00f1an\u00bb, brindar el espacio a las personas que sientan inestabilidad emocional, o simplemente est\u00e9n buscando una contenci\u00f3n ante el aislamiento y la cuarentena<\/strong><\/em><\/p>\n<p>&nbsp;<\/p>\n<p>Desde la Secretar\u00eda de Desarrollo Humano y Salud de Federaci\u00f3n se elabor\u00f3 un programa de asistencia psico-emocional denominado \u201cVoces que acompa\u00f1an\u201d. El mismo inici\u00f3 con una convocatoria voluntaria, la cual registr\u00f3 una importante respuesta de los profesionales de la salud mental zonales, acompa\u00f1antes terap\u00e9uticos y especialistas del tema.<\/p>\n<p>El mencionado programa va a estar coordinado por Luciano Belmonte, coordinador de Recursos humanos de la Secretar\u00eda de Desarrollo humano y salud, para poder diagramar las actividades a realizar, y que cada acci\u00f3n tenga su lugar a desarrollar mediante los medios disponibles.<\/p>\n<p>El desarrollo del programa tendr\u00e1 diferentes etapas y fases, en primer lugar se dejar\u00e1 a disposici\u00f3n el tel\u00e9fono de la Secretar\u00eda 3456 \u2013 481187, dentro del horario municipal, de 7 a 13 horas.<\/p>\n<p>Estos tel\u00e9fonos servir\u00e1n para brindar el espacio a las personas que sientan inestabilidad emocional, o simplemente est\u00e9n buscando una contenci\u00f3n ante las situaciones en esta \u00e9poca de cuarentena y pandemia global. Los casos que se comuniquen ser\u00e1n derivados a especialistas.<\/p>\n<p>En segundo lugar se abrir\u00e1 los espacios radiales, televisivos y de comunicaci\u00f3n masiva, para generar bloques sobre t\u00f3picos que involucran estos temas, por ejemplo destinado al grupo familiar (ni\u00f1os, adultos, adultos mayores, sus cuidados y emociones transitadas).<\/p>\n","protected":false},"excerpt":{"rendered":"<p>\u00abVoces que acompa\u00f1an\u00bb, brindar el espacio a las personas que sientan inestabilidad emocional, o simplemente est\u00e9n buscando una contenci\u00f3n ante el aislamiento y la cuarentena &nbsp; Desde la Secretar\u00eda de Desarrollo Humano y Salud de Federaci\u00f3n se elabor\u00f3 un programa de asistencia psico-emocional denominado \u201cVoces que acompa\u00f1an\u201d. El mismo inici\u00f3 con una convocatoria voluntaria, la cual registr\u00f3 una importante respuesta de los profesionales de la salud mental zonales, acompa\u00f1antes terap\u00e9uticos y especialistas del tema. El mencionado programa va a estar coordinado por Luciano Belmonte, coordinador de Recursos humanos de la&#8230;<\/p>\n","protected":false},"author":3,"featured_media":60945,"comment_status":"closed","ping_status":"closed","sticky":false,"template":"","format":"standard","meta":[],"categories":[15],"tags":[],"_links":{"self":[{"href":"https:\/\/www.actualidadadiario.com\/index.php\/wp-json\/wp\/v2\/posts\/62965"}],"collection":[{"href":"https:\/\/www.actualidadadiario.com\/index.php\/wp-json\/wp\/v2\/posts"}],"about":[{"href":"https:\/\/www.actualidadadiario.com\/index.php\/wp-json\/wp\/v2\/types\/post"}],"author":[{"embeddable":true,"href":"https:\/\/www.actualidadadiario.com\/index.php\/wp-json\/wp\/v2\/users\/3"}],"replies":[{"embeddable":true,"href":"https:\/\/www.actualidadadiario.com\/index.php\/wp-json\/wp\/v2\/comments?post=62965"}],"version-history":[{"count":1,"href":"https:\/\/www.actualidadadiario.com\/index.php\/wp-json\/wp\/v2\/posts\/62965\/revisions"}],"predecessor-version":[{"id":62966,"href":"https:\/\/www.actualidadadiario.com\/index.php\/wp-json\/wp\/v2\/posts\/62965\/revisions\/62966"}],"wp:featuredmedia":[{"embeddable":true,"href":"https:\/\/www.actualidadadiario.com\/index.php\/wp-json\/wp\/v2\/media\/60945"}],"wp:attachment":[{"href":"https:\/\/www.actualidadadiario.com\/index.php\/wp-json\/wp\/v2\/media?parent=62965"}],"wp:term":[{"taxonomy":"category","embeddable":true,"href":"https:\/\/www.actualidadadiario.com\/index.php\/wp-json\/wp\/v2\/categories?post=62965"},{"taxonomy":"post_tag","embeddable":true,"href":"https:\/\/www.actualidadadiario.com\/index.php\/wp-json\/wp\/v2\/tags?post=62965"}],"curies":[{"name":"wp","href":"https:\/\/api.w.org\/{rel}","templated":true}]}}