{"id":62960,"date":"2020-06-16T12:30:37","date_gmt":"2020-06-16T15:30:37","guid":{"rendered":"https:\/\/www.actualidadadiario.com\/?p=62960"},"modified":"2020-06-16T12:30:37","modified_gmt":"2020-06-16T15:30:37","slug":"diputados-sesionara-esta-semana","status":"publish","type":"post","link":"https:\/\/www.actualidadadiario.com\/index.php\/2020\/06\/16\/diputados-sesionara-esta-semana\/","title":{"rendered":"Diputados sesionar\u00e1 esta semana"},"content":{"rendered":"<p style=\"text-align: center;\"><em><strong>La c\u00e1mara de Diputados de la provincia fue convocada para sesionar esta semana, seg\u00fan confirmaron fuentes legislativas. Habr\u00e1 tambi\u00e9n reuniones de comisi\u00f3n<\/strong><\/em><\/p>\n<p>&nbsp;<\/p>\n<p>&nbsp;<\/p>\n<p>El llamado hecho por el presidente de la C\u00e1mara, \u00c1ngel Giano, es para los d\u00edas martes 16 a las 18 hs y mi\u00e9rcoles 17 y jueves 18 a las 11hs. Al igual que las anteriores, se realizar\u00e1 de modo mixto: el titular del cuerpo, los secretarios y el cuerpo de taquigraf\u00eda estar\u00e1 presente en el recinto al igual que los presidentes de los bloques. Los dem\u00e1s legisladores participar\u00e1n a distancia a trav\u00e9s de videoconferencia.<\/p>\n<p>Este martes habr\u00e1, adem\u00e1s, una reuni\u00f3n de la comisi\u00f3n de Legislaci\u00f3n General a las 9 de la ma\u00f1ana y una hora despu\u00e9s, un encuentro conjunto de este comit\u00e9 con el de la Banca de la Mujer, G\u00e9neros y Diversidad.<\/p>\n","protected":false},"excerpt":{"rendered":"<p>La c\u00e1mara de Diputados de la provincia fue convocada para sesionar esta semana, seg\u00fan confirmaron fuentes legislativas. Habr\u00e1 tambi\u00e9n reuniones de comisi\u00f3n &nbsp; &nbsp; El llamado hecho por el presidente de la C\u00e1mara, \u00c1ngel Giano, es para los d\u00edas martes 16 a las 18 hs y mi\u00e9rcoles 17 y jueves 18 a las 11hs. Al igual que las anteriores, se realizar\u00e1 de modo mixto: el titular del cuerpo, los secretarios y el cuerpo de taquigraf\u00eda estar\u00e1 presente en el recinto al igual que los presidentes de los bloques. Los dem\u00e1s&#8230;<\/p>\n","protected":false},"author":3,"featured_media":61460,"comment_status":"closed","ping_status":"closed","sticky":false,"template":"","format":"standard","meta":[],"categories":[15],"tags":[],"_links":{"self":[{"href":"https:\/\/www.actualidadadiario.com\/index.php\/wp-json\/wp\/v2\/posts\/62960"}],"collection":[{"href":"https:\/\/www.actualidadadiario.com\/index.php\/wp-json\/wp\/v2\/posts"}],"about":[{"href":"https:\/\/www.actualidadadiario.com\/index.php\/wp-json\/wp\/v2\/types\/post"}],"author":[{"embeddable":true,"href":"https:\/\/www.actualidadadiario.com\/index.php\/wp-json\/wp\/v2\/users\/3"}],"replies":[{"embeddable":true,"href":"https:\/\/www.actualidadadiario.com\/index.php\/wp-json\/wp\/v2\/comments?post=62960"}],"version-history":[{"count":1,"href":"https:\/\/www.actualidadadiario.com\/index.php\/wp-json\/wp\/v2\/posts\/62960\/revisions"}],"predecessor-version":[{"id":62961,"href":"https:\/\/www.actualidadadiario.com\/index.php\/wp-json\/wp\/v2\/posts\/62960\/revisions\/62961"}],"wp:featuredmedia":[{"embeddable":true,"href":"https:\/\/www.actualidadadiario.com\/index.php\/wp-json\/wp\/v2\/media\/61460"}],"wp:attachment":[{"href":"https:\/\/www.actualidadadiario.com\/index.php\/wp-json\/wp\/v2\/media?parent=62960"}],"wp:term":[{"taxonomy":"category","embeddable":true,"href":"https:\/\/www.actualidadadiario.com\/index.php\/wp-json\/wp\/v2\/categories?post=62960"},{"taxonomy":"post_tag","embeddable":true,"href":"https:\/\/www.actualidadadiario.com\/index.php\/wp-json\/wp\/v2\/tags?post=62960"}],"curies":[{"name":"wp","href":"https:\/\/api.w.org\/{rel}","templated":true}]}}