{"id":62958,"date":"2020-06-16T12:29:53","date_gmt":"2020-06-16T15:29:53","guid":{"rendered":"https:\/\/www.actualidadadiario.com\/?p=62958"},"modified":"2020-06-16T12:29:53","modified_gmt":"2020-06-16T15:29:53","slug":"buenas-expectativas-para-el-inicio-de-la-campana-de-siembra-de-trigo-en-entre-rios","status":"publish","type":"post","link":"https:\/\/www.actualidadadiario.com\/index.php\/2020\/06\/16\/buenas-expectativas-para-el-inicio-de-la-campana-de-siembra-de-trigo-en-entre-rios\/","title":{"rendered":"Buenas expectativas para el inicio de la campa\u00f1a de siembra de trigo en Entre R\u00edos"},"content":{"rendered":"<p style=\"text-align: center;\"><em><strong>Empez\u00f3 la campa\u00f1a de siembra triguera en la provincia y la cobertura prevista llega a las 445 mil hect\u00e1reas. Para el ministro de Producci\u00f3n, Juan Jos\u00e9 Bahillo, el nuevo ciclo productivo \u201cdebe ser transitado por el camino de la sustentabilidad, producir pensando no solamente en una sola campa\u00f1a\u201d<\/strong><\/em><\/p>\n<p>&nbsp;<\/p>\n<p>&nbsp;<\/p>\n<p>En el marco del inicio de la campa\u00f1a, Bahillo inst\u00f3 a \u201cplanificar en conjunto y proyectarnos hacia el futuro\u201d.<\/p>\n<p>Por su parte, el director General de Agricultura de la provincia, Carlos Toledo, coment\u00f3 que la perspectiva es aceptable y satisfactoria, pero cifr\u00f3 expectativas en torno al crecimiento del \u00e1rea con trigo.<\/p>\n<p>&#8220;Es muy buena la posibilidad de que se incremente la superficie de trigo, y que se incremente la implantaci\u00f3n de cultivos de servicio y de cobertura, que acompa\u00f1en los cultivos de verano; pero tambi\u00e9n es muy importante pensar en incrementar la superficie de ma\u00edz y sorgo\u201d, sostuvo.<\/p>\n<p>\u201cEs sustancial incrementar la superficie de trigo y otras actividades de invierno, y pensar c\u00f3mo nos preparamos para la siembra de ma\u00edz. No pretendo demonizar a la soja, pero no podemos tener tanta dependencia de un solo cultivo: me parece que ese es uno de los principales problemas que tiene el productor entrerriano&#8221;, consider\u00f3.<\/p>\n<p>El funcionario analiz\u00f3 el ciclo productivo en sinton\u00eda con el ministro de Producci\u00f3n, Juan Jos\u00e9 Bahillo, qui\u00e9n aport\u00f3: &#8220;La provincia comenzar\u00e1 a implementar el programa Productor Agropecuario Sustentable Entrerriano (PASE), ya que debemos transitar caminos de sustentabilidad, producir pensando no solamente en una sola campa\u00f1a. Necesitamos para eso planificar, proyectarnos hacia el futuro, ver la realidad productiva no en el corto plazo sino en el mediano y largo plazo; y en funci\u00f3n de ese plan de trabajo, llevar adelante las distintas producciones&#8221;, sostuvo.<\/p>\n<p>El titular de la cartera productiva provincial reconoci\u00f3 que \u201cla agricultura increment\u00f3 de manera sostenida su superficie de siembra, principalmente de soja, avanzando sobre \u00e1reas tradicionalmente ocupadas por ganader\u00eda, y con un menor potencial agr\u00edcola\u201d.<\/p>\n<p>\u201cEstas transformaciones han generado preocupaciones ligadas a la sustentabilidad de los actuales sistemas productivos, provocando mayores presiones sociales por temas ambientales. En este sentido, un gran peso recae sobre los productores agropecuarios, por el uso y manejo de la tierra, de insumos para la producci\u00f3n, destac\u00e1ndose los conflictos generados por el uso de productos fitosanitarios\u201d, reflexion\u00f3 Bahillo.<\/p>\n<p>Y agreg\u00f3 que \u201csin embargo, existen productores que presentan un alto compromiso por el cuidado de los recursos naturales, realizando producciones amigables con el ambiente, donde las acciones desarrolladas son previsibles a partir de la planificaci\u00f3n, desarrollo y ejecuci\u00f3n de actividades productivas, obteniendo resultados positivos desde lo econ\u00f3mico, aportando al desarrollo de sus territorios, comprometidos con las necesidades de sus habitantes, que merecen ser destacados y que su acci\u00f3n tenga efecto multiplicador en el \u00e1mbito de la Provincia de Entre R\u00edos\u201d.<\/p>\n<p>En ese contexto, Toledo aport\u00f3 que es importante que el productor sepa que el cultivo de trigo es una posibilidad interesante para incorporar dentro de una rotaci\u00f3n y para generar una serie de ventajas en el suelo que van a repercutir no s\u00f3lo en el resultado del trigo sino tambi\u00e9n en el resultado de los cultivos que se vayan a sembrar despu\u00e9s. As\u00ed es que &#8220;sembrar trigo solamente pensando en la soja que vamos a sembrar a continuaci\u00f3n, no deber\u00eda ser el \u00fanico elemento; deber\u00edamos pensar el trigo en el marco de una secuencia de cultivos racionales y razonables para la zona, y balancearlo en una superficie junto con los otros cultivos, de modo que podamos diversificar el riesgo; entender que el trigo nos da la posibilidad de contar con dinero a fin de a\u00f1o, eso nos permite hacer frente a las campa\u00f1as de cosecha gruesa&#8221;.<\/p>\n<p>Si bien advirti\u00f3 que la coyuntura marca la escasez de fertilizantes, el funcionario y profesional de la agronom\u00eda con trayectoria acad\u00e9mica aconsej\u00f3: \u201cEs importante que los productores, antes de tomar decisiones sobre las implantaciones de cultivos, consulten con un ingeniero agr\u00f3nomo; y esa consulta no debe ser preferiblemente una consulta aislada, sino que se debe tratar de generar con un v\u00ednculo con el profesional que nos ayude a pensar de qu\u00e9 manera podemos detectar cu\u00e1les son las debilidades de la empresa y tratar de ir ajust\u00e1ndose. En ese marco, con las distintas superficies o lotes que pueda disponer el productor, organizar y planificar una secuencia de cultivos que sea la m\u00e1s adecuada para cada una de las regiones de la provincia&#8221;.<\/p>\n<p>En ese marco el jefe de la cartera productiva entrerriana propuso: &#8220;No tenemos que pensar con la l\u00f3gica del cultivo m\u00e1s rentable, sino con la l\u00f3gica del cultivo posible y que mejor se adapte a la zona donde estamos; si nosotros logramos empezar a tener esa l\u00f3gica de abordaje, sin duda vamos a tener algunos cultivos que mejor se adapten a los suelos pesados del norte de la provincia, y otros que se adapten a la zona sur y otras zonas de suelos sueltos. Me parece que es el momento de tratar de salir de esta situaci\u00f3n de rendimientos no muy favorables que tuvimos en la \u00faltima campa\u00f1a, con la asistencia t\u00e9cnica correspondiente y tratando de hacer una buena planificaci\u00f3n\u201c, reconoci\u00f3 Bahillo.<\/p>\n<p>&nbsp;<\/p>\n<p><strong>El cierre de la campa\u00f1a sojera y la importancia de diversificar<\/strong><\/p>\n<p>Al ponderar el desempe\u00f1o de la campa\u00f1a de granos gruesos que se termina, Toledo defini\u00f3 que el cierre sucede con altibajos: algunos cultivos estuvieron m\u00e1s o menos alrededor del promedio, en otros efectivamente ha habido una ca\u00edda del orden del 15% al 25%.<\/p>\n<p>&#8220;En ese contexto la soja de primera estuvo m\u00e1s o menos dentro del promedio, y los problemas que estamos observando estuvieron m\u00e1s vinculados a la soja de segunda. Hubo zonas donde tuvo buen rendimiento y otras donde falt\u00f3 lluvia, lo que obviamente trajo complicaciones. De cualquier manera, yo creo que la ense\u00f1anza que nos deja esta campa\u00f1a es que tenemos que replantear los sistemas de producci\u00f3n que hay en Entre R\u00edos, y entender que tenemos que empezar a generar acciones para revertir la alta proporci\u00f3n de soja que tenemos en la provincia&#8221;, se\u00f1al\u00f3.<\/p>\n<p>De cara al futuro el funcionario propone incrementar la superficie de gram\u00edneas, tanto de invierno como de verano, de modo de tener un manejo m\u00e1s sustentable y no depender de la soja: &#8220;Estamos preocupados porque el resultado final de la campa\u00f1a estuvo por debajo del promedio, y en algunos lugares con un rendimiento bastante bajo, eso genera una situaci\u00f3n de preocupaci\u00f3n en el sector que obliga a que todos los actores del sistema nos sentemos a conversar y ver de qu\u00e9 manera se puede revertir su situaci\u00f3n y para que podamos empezar a producir otras alternativas productivas, concretamente incrementar la superficie de ma\u00edz y sorgo, y tratar de que se baje un poco la dependencia de un solo cultivo, la soja. Es uno de los objetivos del PASE, coment\u00f3 Toledo&#8221;.<\/p>\n<p>En relaci\u00f3n a la productividad sentenci\u00f3 que los rendimientos aceptables son aquellos que est\u00e1n por encima del rendimiento de indiferencia, de los costos de producci\u00f3n. &#8220;Lo que sabemos es que la merma del 25% hizo que el rendimiento de indiferencia est\u00e9 por encima de lo que obtuvo el productor, por lo tanto, si nosotros analizamos la soja, \u00e9sta no alcanz\u00f3 a cubrir los costos de producci\u00f3n&#8221;.<\/p>\n<p>Explic\u00f3 que ha habido lluvias dispares pero que &#8220;los productores que diversificaron sus riesgos obtuvieron, por ejemplo, una buena cosecha de ma\u00edz, una cosecha regular de soja, y una mala de soja de segunda y en el balance, la situaci\u00f3n es distinta de aquel productor que solo sembr\u00f3 soja y que estuvo en una zona de la provincia donde las lluvias no los acompa\u00f1aron. En ese caso, estuvo por debajo del rendimiento promedio y ah\u00ed no cubrieron costos. Por eso insisto en la importancia de pensar en c\u00f3mo diversificar la producci\u00f3n y que no se apueste solamente a un solo cultivo&#8221;.<\/p>\n","protected":false},"excerpt":{"rendered":"<p>Empez\u00f3 la campa\u00f1a de siembra triguera en la provincia y la cobertura prevista llega a las 445 mil hect\u00e1reas. Para el ministro de Producci\u00f3n, Juan Jos\u00e9 Bahillo, el nuevo ciclo productivo \u201cdebe ser transitado por el camino de la sustentabilidad, producir pensando no solamente en una sola campa\u00f1a\u201d &nbsp; &nbsp; En el marco del inicio de la campa\u00f1a, Bahillo inst\u00f3 a \u201cplanificar en conjunto y proyectarnos hacia el futuro\u201d. Por su parte, el director General de Agricultura de la provincia, Carlos Toledo, coment\u00f3 que la perspectiva es aceptable y satisfactoria,&#8230;<\/p>\n","protected":false},"author":3,"featured_media":45569,"comment_status":"closed","ping_status":"closed","sticky":false,"template":"","format":"standard","meta":[],"categories":[15],"tags":[],"_links":{"self":[{"href":"https:\/\/www.actualidadadiario.com\/index.php\/wp-json\/wp\/v2\/posts\/62958"}],"collection":[{"href":"https:\/\/www.actualidadadiario.com\/index.php\/wp-json\/wp\/v2\/posts"}],"about":[{"href":"https:\/\/www.actualidadadiario.com\/index.php\/wp-json\/wp\/v2\/types\/post"}],"author":[{"embeddable":true,"href":"https:\/\/www.actualidadadiario.com\/index.php\/wp-json\/wp\/v2\/users\/3"}],"replies":[{"embeddable":true,"href":"https:\/\/www.actualidadadiario.com\/index.php\/wp-json\/wp\/v2\/comments?post=62958"}],"version-history":[{"count":1,"href":"https:\/\/www.actualidadadiario.com\/index.php\/wp-json\/wp\/v2\/posts\/62958\/revisions"}],"predecessor-version":[{"id":62959,"href":"https:\/\/www.actualidadadiario.com\/index.php\/wp-json\/wp\/v2\/posts\/62958\/revisions\/62959"}],"wp:featuredmedia":[{"embeddable":true,"href":"https:\/\/www.actualidadadiario.com\/index.php\/wp-json\/wp\/v2\/media\/45569"}],"wp:attachment":[{"href":"https:\/\/www.actualidadadiario.com\/index.php\/wp-json\/wp\/v2\/media?parent=62958"}],"wp:term":[{"taxonomy":"category","embeddable":true,"href":"https:\/\/www.actualidadadiario.com\/index.php\/wp-json\/wp\/v2\/categories?post=62958"},{"taxonomy":"post_tag","embeddable":true,"href":"https:\/\/www.actualidadadiario.com\/index.php\/wp-json\/wp\/v2\/tags?post=62958"}],"curies":[{"name":"wp","href":"https:\/\/api.w.org\/{rel}","templated":true}]}}