{"id":62954,"date":"2020-06-16T12:28:14","date_gmt":"2020-06-16T15:28:14","guid":{"rendered":"https:\/\/www.actualidadadiario.com\/?p=62954"},"modified":"2020-06-16T12:28:14","modified_gmt":"2020-06-16T15:28:14","slug":"coronavirus-aclaran-que-en-entre-rios-no-hay-circulacion-local","status":"publish","type":"post","link":"https:\/\/www.actualidadadiario.com\/index.php\/2020\/06\/16\/coronavirus-aclaran-que-en-entre-rios-no-hay-circulacion-local\/","title":{"rendered":"Coronavirus: Aclaran que en Entre R\u00edos \u201cno hay circulaci\u00f3n local\u201d"},"content":{"rendered":"<p style=\"text-align: center;\"><em><strong>El director general de Salud Mental, Carlos Berbara, asegur\u00f3 que en Entre R\u00edos \u201cno hay circulaci\u00f3n local\u201d de coronavirus. Precis\u00f3 adem\u00e1s que se toman \u201cdistintas decisiones en diferentes localidades, seg\u00fan las caracter\u00edsticas epidemiol\u00f3gicas de c\u00f3mo se han detectado los casos de covid 19\u201d. Subray\u00f3 que \u201ces fundamental\u201d seguir las medidas de prevenci\u00f3n<\/strong><\/em><\/p>\n<p>&nbsp;<\/p>\n<p>&nbsp;<\/p>\n<p>&#8220;En Entre R\u00edos hoy contamos con 91 casos positivos. Esto ha implicado un crecimiento en los tiempos de duplicaci\u00f3n de casos que nos ha llevado a tomar distintas decisiones en diferentes localidades\u201d, indic\u00f3 el funcionario.<\/p>\n<p>Luego afirm\u00f3 que en la provincia &#8220;no hay circulaci\u00f3n local\u201d del virus, pero apunt\u00f3: \u201cLo que s\u00ed tenemos, y principalmente en todo lo que es el corredor de la ruta 14, en la costa del Uruguay, es algunos casos importados de personas que establecen contactos en zonas de riesgo, en zonas donde hay circulaci\u00f3n del virus, e ingresan nuevamente a Entre R\u00edos ya con la enfermedad&#8221;.<\/p>\n<p>Berbara remarc\u00f3 que \u201ces fundamental\u201d seguir las medidas de prevenci\u00f3n y pidi\u00f3 a la ciudadan\u00eda que \u201cante cualquier tipo de s\u00edntoma respiratorio o cualquier sospecha que pueda tener por contacto con una persona que posiblemente haya tenido covid, inmediatamente contactarse al 0800-777-8476 para expresar y explicar su situaci\u00f3n\u201d.<\/p>\n<p>&#8220;En principio el Ministerio de Salud ha informado de diversas maneras los modos de cuidarnos y ser precavidos a la hora de prevenir el contagio. Esto es muy importante\u201d, expres\u00f3 el funcionario de Salud. Se\u00f1al\u00f3 que \u201clas medidas siguen siendo las b\u00e1sicas y fundamentales: el lavado de manos, no contactar con las manos objetos potencialmente contaminados, no llevarnos las manos a \u00e1reas cercanas a las mucosas, los ojos y la boca, usar el alcohol en gel cuando sea necesario, usar el tapa boca nariz cada vez que circulamos en donde hay aglomerados de personas, y fundamentalmente todas las medidas que tengan que ver con el distanciamiento social\u201d, enumer\u00f3.<\/p>\n<p>Berbara apunt\u00f3 que cuando se detecta un caso positivo \u201cinmediatamente se aplican todas las estrategias de investigaci\u00f3n epidemiol\u00f3gicas y comenzamos a hacer el seguimiento de los casos sospechosos y de los contactos cercanos. Eso es indispensable\u201d. Remarc\u00f3 que \u201clo m\u00e1s importante frente a esto es que a la poblaci\u00f3n le llegue el claro mensaje que ante cualquier tipo de s\u00edntoma respiratorio o cualquier sospecha que pueda tener por contacto con una persona que posiblemente haya tenido covid, inmediatamente contactarse al 0800-777-8476 para expresar y explicar su situaci\u00f3n, y all\u00ed va a ser derivado al \u00e1rea de Epidemiolog\u00eda para que lleve adelante la investigaci\u00f3n\u201d.<\/p>\n<p>En otro tramo de sus declaraciones, el funcionario cont\u00f3 que el COES est\u00e1 &#8220;instruyendo a todas las \u00e1reas de gobierno a comprender que esto es un fen\u00f3meno flexible, un fen\u00f3meno que tiene movimiento, que tiene que ir siendo seguido d\u00eda a d\u00eda, paso a paso, y como bien dijeron el gobernador Gustavo Bordet y la ministra Sonia Vel\u00e1zquez, en el mejor de los casos vamos a poder ir dando pasos adelante, habilitando actividades principalmente que sean trascendentales para el contexto social, econ\u00f3mico y laboral de toda nuestra sociedad, pero tambi\u00e9n ante el avance de la enfermedad y de los contagios se pueden restringir algunas \u00e1reas y esto tiene que ser tomado como algo temporal, algo que tiene que ser aplicado en el momento indicado pero tambi\u00e9n esa restricci\u00f3n se puede levantar en el momento en el cual el ejercicio sanitario nos haya dado resultados positivos&#8221;.<\/p>\n<p>Con respecto a la apertura de los gimnasios, dijo finalmente que &#8220;son definiciones que se est\u00e1n tomando en el COES y tambi\u00e9n con \u00e1reas de gobierno. Eran unos datos epidemiol\u00f3gicos los que ten\u00edamos hasta el mi\u00e9rcoles o jueves de la semana pasada, pero estos movimientos de casos que se detectaron durante el fin de semana van ajustando nuestras determinaciones&#8221;.<\/p>\n","protected":false},"excerpt":{"rendered":"<p>El director general de Salud Mental, Carlos Berbara, asegur\u00f3 que en Entre R\u00edos \u201cno hay circulaci\u00f3n local\u201d de coronavirus. Precis\u00f3 adem\u00e1s que se toman \u201cdistintas decisiones en diferentes localidades, seg\u00fan las caracter\u00edsticas epidemiol\u00f3gicas de c\u00f3mo se han detectado los casos de covid 19\u201d. Subray\u00f3 que \u201ces fundamental\u201d seguir las medidas de prevenci\u00f3n &nbsp; &nbsp; &#8220;En Entre R\u00edos hoy contamos con 91 casos positivos. Esto ha implicado un crecimiento en los tiempos de duplicaci\u00f3n de casos que nos ha llevado a tomar distintas decisiones en diferentes localidades\u201d, indic\u00f3 el funcionario. Luego&#8230;<\/p>\n","protected":false},"author":3,"featured_media":59460,"comment_status":"closed","ping_status":"closed","sticky":false,"template":"","format":"standard","meta":[],"categories":[15],"tags":[],"_links":{"self":[{"href":"https:\/\/www.actualidadadiario.com\/index.php\/wp-json\/wp\/v2\/posts\/62954"}],"collection":[{"href":"https:\/\/www.actualidadadiario.com\/index.php\/wp-json\/wp\/v2\/posts"}],"about":[{"href":"https:\/\/www.actualidadadiario.com\/index.php\/wp-json\/wp\/v2\/types\/post"}],"author":[{"embeddable":true,"href":"https:\/\/www.actualidadadiario.com\/index.php\/wp-json\/wp\/v2\/users\/3"}],"replies":[{"embeddable":true,"href":"https:\/\/www.actualidadadiario.com\/index.php\/wp-json\/wp\/v2\/comments?post=62954"}],"version-history":[{"count":1,"href":"https:\/\/www.actualidadadiario.com\/index.php\/wp-json\/wp\/v2\/posts\/62954\/revisions"}],"predecessor-version":[{"id":62955,"href":"https:\/\/www.actualidadadiario.com\/index.php\/wp-json\/wp\/v2\/posts\/62954\/revisions\/62955"}],"wp:featuredmedia":[{"embeddable":true,"href":"https:\/\/www.actualidadadiario.com\/index.php\/wp-json\/wp\/v2\/media\/59460"}],"wp:attachment":[{"href":"https:\/\/www.actualidadadiario.com\/index.php\/wp-json\/wp\/v2\/media?parent=62954"}],"wp:term":[{"taxonomy":"category","embeddable":true,"href":"https:\/\/www.actualidadadiario.com\/index.php\/wp-json\/wp\/v2\/categories?post=62954"},{"taxonomy":"post_tag","embeddable":true,"href":"https:\/\/www.actualidadadiario.com\/index.php\/wp-json\/wp\/v2\/tags?post=62954"}],"curies":[{"name":"wp","href":"https:\/\/api.w.org\/{rel}","templated":true}]}}