{"id":62945,"date":"2020-06-12T17:55:44","date_gmt":"2020-06-12T20:55:44","guid":{"rendered":"https:\/\/www.actualidadadiario.com\/?p=62945"},"modified":"2020-06-12T17:55:44","modified_gmt":"2020-06-12T20:55:44","slug":"los-ninos-deben-trabajar-solo-en-sus-suenos","status":"publish","type":"post","link":"https:\/\/www.actualidadadiario.com\/index.php\/2020\/06\/12\/los-ninos-deben-trabajar-solo-en-sus-suenos\/","title":{"rendered":"&#8220;Los ni\u00f1os deben trabajar solo en sus sue\u00f1os&#8221;"},"content":{"rendered":"<p style=\"text-align: center;\"><em><strong>El presidente Alberto Fern\u00e1ndez y la primera dama, Fabiola Y\u00e1\u00f1ez, llamaron a &#8220;adoptar medidas eficaces e inmediatas para erradicar el trabajo infantil&#8221;. &#8220;168 millones de ni\u00f1os y ni\u00f1as son v\u00edctimas&#8221; de esa problem\u00e1tica y plnat de en el mundo del trabajo infantil. Debemos adoptar medidas eficaces e inmediatas para erradicar el trabajo infantil&#8221;, sostuvo el mandatario<\/strong><\/em><\/p>\n<p>&nbsp;<\/p>\n<p>En el marco del D\u00eda Mundial contra el Trabajo Infantil, el jefe de Estado y su pareja brindaron un mensaje a trav\u00e9s de un video alusivo a la fecha.<\/p>\n<p>Por su parte, Y\u00e1\u00f1ez destac\u00f3 que &#8220;los ni\u00f1os deben trabajar s\u00f3lo en sus sue\u00f1os&#8221; y subray\u00f3 que &#8220;deben tener derecho a jugar, educarse, alimentarse, a descansar y derecho a no trabajar&#8221;.<\/p>\n<p>En ese sentido, la primera dama remarc\u00f3 que tambi\u00e9n se debe &#8220;asegurar la prohibici\u00f3n y eliminaci\u00f3n de las peores formas de trabajo de ni\u00f1os y ni\u00f1as&#8221;.<\/p>\n<p>&#8220;Por eso hoy, como cada 12 de junio, te invitamos a que te sumes a esta lucha. Los ni\u00f1os deben trabajar s\u00f3lo en sus sue\u00f1os&#8221;, insisti\u00f3 Fabiola Y\u00e1\u00f1ez.<\/p>\n<p>En noviembre de 2019, la Organizaci\u00f3n Internacional del Trabajo (OIT) realiz\u00f3 un mapa para determinar las zonas de la Argentina m\u00e1s afectadas por el trabajo infantil. El informe determin\u00f3 que sobre 511 departamentos de todo el pa\u00eds hab\u00eda un riesgo promedio del 6,54 por ciento y destac\u00f3 que la escolarizaci\u00f3n es un factor de protecci\u00f3n destacado.<\/p>\n<p>Algunos detalles que surgieron de esa iniciativa son que el riesgo de trabajo infantil y adolescente en el pa\u00eds es creciente con la edad de ni\u00f1as, ni\u00f1os y adolescentes; es mayor en los varones y aumenta para quienes viven en hogares cuyo jefe es asalariado no registrado o trabajador no asalariado en zonas urbanas.<\/p>\n<p>De acuerdo al relevamiento de la OIT, los principales factores de protecci\u00f3n son el nivel de escolaridad del jefe del hogar, la asistencia a la escuela y la cobertura de salud.<\/p>\n","protected":false},"excerpt":{"rendered":"<p>El presidente Alberto Fern\u00e1ndez y la primera dama, Fabiola Y\u00e1\u00f1ez, llamaron a &#8220;adoptar medidas eficaces e inmediatas para erradicar el trabajo infantil&#8221;. &#8220;168 millones de ni\u00f1os y ni\u00f1as son v\u00edctimas&#8221; de esa problem\u00e1tica y plnat de en el mundo del trabajo infantil. Debemos adoptar medidas eficaces e inmediatas para erradicar el trabajo infantil&#8221;, sostuvo el mandatario &nbsp; En el marco del D\u00eda Mundial contra el Trabajo Infantil, el jefe de Estado y su pareja brindaron un mensaje a trav\u00e9s de un video alusivo a la fecha. Por su parte, Y\u00e1\u00f1ez&#8230;<\/p>\n","protected":false},"author":3,"featured_media":62946,"comment_status":"closed","ping_status":"closed","sticky":false,"template":"","format":"standard","meta":[],"categories":[4],"tags":[],"_links":{"self":[{"href":"https:\/\/www.actualidadadiario.com\/index.php\/wp-json\/wp\/v2\/posts\/62945"}],"collection":[{"href":"https:\/\/www.actualidadadiario.com\/index.php\/wp-json\/wp\/v2\/posts"}],"about":[{"href":"https:\/\/www.actualidadadiario.com\/index.php\/wp-json\/wp\/v2\/types\/post"}],"author":[{"embeddable":true,"href":"https:\/\/www.actualidadadiario.com\/index.php\/wp-json\/wp\/v2\/users\/3"}],"replies":[{"embeddable":true,"href":"https:\/\/www.actualidadadiario.com\/index.php\/wp-json\/wp\/v2\/comments?post=62945"}],"version-history":[{"count":1,"href":"https:\/\/www.actualidadadiario.com\/index.php\/wp-json\/wp\/v2\/posts\/62945\/revisions"}],"predecessor-version":[{"id":62947,"href":"https:\/\/www.actualidadadiario.com\/index.php\/wp-json\/wp\/v2\/posts\/62945\/revisions\/62947"}],"wp:featuredmedia":[{"embeddable":true,"href":"https:\/\/www.actualidadadiario.com\/index.php\/wp-json\/wp\/v2\/media\/62946"}],"wp:attachment":[{"href":"https:\/\/www.actualidadadiario.com\/index.php\/wp-json\/wp\/v2\/media?parent=62945"}],"wp:term":[{"taxonomy":"category","embeddable":true,"href":"https:\/\/www.actualidadadiario.com\/index.php\/wp-json\/wp\/v2\/categories?post=62945"},{"taxonomy":"post_tag","embeddable":true,"href":"https:\/\/www.actualidadadiario.com\/index.php\/wp-json\/wp\/v2\/tags?post=62945"}],"curies":[{"name":"wp","href":"https:\/\/api.w.org\/{rel}","templated":true}]}}