{"id":62936,"date":"2020-06-12T17:52:54","date_gmt":"2020-06-12T20:52:54","guid":{"rendered":"https:\/\/www.actualidadadiario.com\/?p=62936"},"modified":"2020-06-12T17:52:54","modified_gmt":"2020-06-12T20:52:54","slug":"la-justicia-abre-la-puerta-para-investigar-el-robo-de-bebes-durante-el-franquismo","status":"publish","type":"post","link":"https:\/\/www.actualidadadiario.com\/index.php\/2020\/06\/12\/la-justicia-abre-la-puerta-para-investigar-el-robo-de-bebes-durante-el-franquismo\/","title":{"rendered":"La Justicia abre la puerta para investigar el robo de beb\u00e9s durante el franquismo"},"content":{"rendered":"<p style=\"text-align: center;\"><em><strong>Al no pronunciarse sobre la prescripci\u00f3n de los delitos del caso Madrigal, el Supremo posibilit\u00f3 que se puedan juzgar otras denuncias<\/strong><\/em><\/p>\n<p>&nbsp;<\/p>\n<p>El Tribunal Supremo (TS) de Espa\u00f1a abri\u00f3 una puerta para avanzar en la investigaci\u00f3n de los casos de beb\u00e9s robados durante el franquismo. El fallo del Tribunal tiene que ver con el caso de In\u00e9s Madrigal, la primera v\u00edctima en llevar adelante un juicio por apropiaci\u00f3n. En 2018 Madrigal hab\u00eda conseguido que la Audiencia Provincial de Madrid declarara al m\u00e9dico Eduardo Vela culpable de haberla robado a su madre al nacer en 1969. Sin embargo, el hombre fue absuelvo ya que el tribunal madrile\u00f1o determin\u00f3 que la causa hab\u00eda prescrito. De esta manera cerr\u00f3 la posibilidad de seguir este caso as\u00ed como otros cientos que se presentaron en toda Espa\u00f1a. Ahora, el fallo del TS, al no pronunciarse sobre la prescripci\u00f3n de los delitos de Vela, posibilita a que se avance en otras denuncias.<\/p>\n<p>&nbsp;<\/p>\n<p><strong>B\u00fasqueda de la Verdad<\/strong><\/p>\n<p>El caso de Madrigal fue el primero en llegar a juicio por el robo de beb\u00e9s durante el franquismo. Cuando la mujer cumpli\u00f3 18 a\u00f1os, quien cre\u00eda que era su madre biol\u00f3gica, In\u00e9s P\u00e9rez, le confes\u00f3 que en realidad era adoptada. P\u00e9rez le dijo que en el proceso hab\u00eda intervenido un cura que conoc\u00eda del convento, amigo del m\u00e9dico Eduardo Vela. Madrigal present\u00f3 una denuncia y en 2018 logr\u00f3 que la Justicia espa\u00f1ola se expida sobre su caso. El tribunal madrile\u00f1o hab\u00eda considerado a Vela responsable de los delitos de falsedad, suposici\u00f3n de parto y detenci\u00f3n ilegal, pero lo absolvi\u00f3 porque hab\u00edan prescrito. El fallo fue apelado tanto por la Fiscal\u00eda como por la denunciante.<\/p>\n<p>En julio del a\u00f1o pasado, tres meses antes del fallecimiento de Vela, Madrigal encontr\u00f3 a sus hermanos biol\u00f3gicos gracias a un banco de ADN. Ellos le dijeron que su madre biol\u00f3gica, ya fallecida, la hab\u00eda dado en adopci\u00f3n. Tomando estas novedades, el TS concluy\u00f3 ahora que la detenci\u00f3n ilegal no est\u00e1 probada, pero confirm\u00f3 la falsedad documental y la ilegalidad de la adopci\u00f3n de la mujer. El acusado intervino tanto en la certificaci\u00f3n falsa para inscribir a la ni\u00f1a en el Registro Civil, as\u00ed como en toda la maniobra ilegal para entregarla a los padres adoptivos, sostuvo el TS.<\/p>\n<p>Sin embargo, el dato a resaltar es que el Supremo no se pronunci\u00f3 sobre la prescripci\u00f3n de los delitos de Vela hace 25 a\u00f1os. Para la Justicia el hecho de que el hombre haya muerto volvi\u00f3 inviable el pedido de una condena. \u201cSer\u00eda especular sobre una cuesti\u00f3n con finalidad puramente te\u00f3rica&#8221;, subraya el fallo. En cambio, s\u00ed analiz\u00f3 otras cuestiones que incidieron en el\u00a0 mismo una vez dictada la primera sentencia: el hecho de que la propia Fiscal\u00eda aport\u00f3 un informe despu\u00e9s de que la v\u00edctima encontr\u00f3 a sus familiares biol\u00f3gicos. Esta informaci\u00f3n aport\u00f3 elementos para acreditar que Madrigal hab\u00eda sido entregada de forma libre y voluntaria con fines de adopci\u00f3n. En ese sentido, el Supremo concluy\u00f3 que la hip\u00f3tesis de que fue sustra\u00edda es tan probable como la contraria.<\/p>\n<p>&nbsp;<\/p>\n<p><strong>Los cr\u00edmenes del franquismo<\/strong><\/p>\n<p>Al no pronunciarse sobre la prescripci\u00f3n, el Tribunal posibilit\u00f3 que se puedan juzgar otros casos. De hecho, el pr\u00f3ximo 30 de junio sus magistrados tendr\u00e1n de deliberar sobre un recurso presentado por la Asociaci\u00f3n SOS Beb\u00e9s Robados Huelva, inform\u00f3 el diario El Pa\u00eds de Espa\u00f1a. Este colectivo espera que la m\u00e1xima instancia judicial espa\u00f1ola revoque la determinaci\u00f3n de prescripci\u00f3n para todos los casos. La asociaci\u00f3n representa a m\u00e1s de 180 familias.<\/p>\n<p>En enero de 2011 se present\u00f3 la primera querella criminal conjunta en Espa\u00f1a por m\u00e1s de 200 casos de ni\u00f1os robados. Tres a\u00f1os despu\u00e9s, las denuncias eran ya 4.000, pero el 80 por ciento hab\u00edan sido archivadas. En 2014, los familiares de v\u00edctimas de la \u00e9poca de la dictadura se sumaron a la querella abierta en Argentina por los cr\u00edmenes franquistas en aplicaci\u00f3n del principio de Justicia universal. Al igual que en otras dictaduras, el robo de beb\u00e9s fue una pr\u00e1ctica empleada por el franquismo. Miles de ni\u00f1os de madres vencidas en la guerra civil (1936-1939) fueron entregados a instituciones p\u00fablicas o religiosas, as\u00ed como a otras familias. Pero lo singular en Espa\u00f1a fue que la trama institucional de apropiaci\u00f3n surgida de la represi\u00f3n franquista se extendi\u00f3 hasta finales de la d\u00e9cada de 1980. El robo de beb\u00e9s se convirti\u00f3 en un negocio rentable en el que estaban implicados m\u00e9dicos, enfermeras, curas y monjas. Se estima que unas 30 mil personas ser\u00edan v\u00edctimas de estos hechos seg\u00fan organismos de Derechos Humanos.<\/p>\n<p>En paralelo, la C\u00e1mara de Diputados aprob\u00f3 una resoluci\u00f3n para que el gobierno retire condecoraciones otorgadas funcionarios y autoridades franquistas. El reconocimiento del Estado espa\u00f1ol ser\u00e1 retirado a aquellos que hubiesen actuado en contra de los valores democr\u00e1ticos y de protecci\u00f3n de los DDHH. La propuesta fue presentada por el Partido Socialista (PSOE) y Unidas Podemos (UP). El hecho se produjo a un mes de la muerte por coronavirus del ex polic\u00eda Juan Antonio Gonz\u00e1lez Pacheco. Conocido con el alias &#8220;Billy el Ni\u00f1o&#8221;, Pacheco hab\u00eda torturado a pol\u00edticos opositores a la dictadura franquista. El ex polic\u00eda muri\u00f3 sin ser juzgado y gozando de los beneficios que conllevaba haber sido condecorado con medallas durante su trayectoria. De esa forma pudo cobrar hasta un 50 por ciento m\u00e1s de pensi\u00f3n. La iniciativa presentada por el oficialismo espa\u00f1ol revoc\u00f3 esos beneficios.<\/p>\n","protected":false},"excerpt":{"rendered":"<p>Al no pronunciarse sobre la prescripci\u00f3n de los delitos del caso Madrigal, el Supremo posibilit\u00f3 que se puedan juzgar otras denuncias &nbsp; El Tribunal Supremo (TS) de Espa\u00f1a abri\u00f3 una puerta para avanzar en la investigaci\u00f3n de los casos de beb\u00e9s robados durante el franquismo. El fallo del Tribunal tiene que ver con el caso de In\u00e9s Madrigal, la primera v\u00edctima en llevar adelante un juicio por apropiaci\u00f3n. En 2018 Madrigal hab\u00eda conseguido que la Audiencia Provincial de Madrid declarara al m\u00e9dico Eduardo Vela culpable de haberla robado a su&#8230;<\/p>\n","protected":false},"author":3,"featured_media":62937,"comment_status":"closed","ping_status":"closed","sticky":false,"template":"","format":"standard","meta":[],"categories":[4],"tags":[],"_links":{"self":[{"href":"https:\/\/www.actualidadadiario.com\/index.php\/wp-json\/wp\/v2\/posts\/62936"}],"collection":[{"href":"https:\/\/www.actualidadadiario.com\/index.php\/wp-json\/wp\/v2\/posts"}],"about":[{"href":"https:\/\/www.actualidadadiario.com\/index.php\/wp-json\/wp\/v2\/types\/post"}],"author":[{"embeddable":true,"href":"https:\/\/www.actualidadadiario.com\/index.php\/wp-json\/wp\/v2\/users\/3"}],"replies":[{"embeddable":true,"href":"https:\/\/www.actualidadadiario.com\/index.php\/wp-json\/wp\/v2\/comments?post=62936"}],"version-history":[{"count":1,"href":"https:\/\/www.actualidadadiario.com\/index.php\/wp-json\/wp\/v2\/posts\/62936\/revisions"}],"predecessor-version":[{"id":62938,"href":"https:\/\/www.actualidadadiario.com\/index.php\/wp-json\/wp\/v2\/posts\/62936\/revisions\/62938"}],"wp:featuredmedia":[{"embeddable":true,"href":"https:\/\/www.actualidadadiario.com\/index.php\/wp-json\/wp\/v2\/media\/62937"}],"wp:attachment":[{"href":"https:\/\/www.actualidadadiario.com\/index.php\/wp-json\/wp\/v2\/media?parent=62936"}],"wp:term":[{"taxonomy":"category","embeddable":true,"href":"https:\/\/www.actualidadadiario.com\/index.php\/wp-json\/wp\/v2\/categories?post=62936"},{"taxonomy":"post_tag","embeddable":true,"href":"https:\/\/www.actualidadadiario.com\/index.php\/wp-json\/wp\/v2\/tags?post=62936"}],"curies":[{"name":"wp","href":"https:\/\/api.w.org\/{rel}","templated":true}]}}