{"id":62933,"date":"2020-06-12T17:51:55","date_gmt":"2020-06-12T20:51:55","guid":{"rendered":"https:\/\/www.actualidadadiario.com\/?p=62933"},"modified":"2020-06-12T17:51:55","modified_gmt":"2020-06-12T20:51:55","slug":"crisis-sanitaria-en-chile-la-dura-decision-que-tuvieron-que-tomar-desde-los-hospitales","status":"publish","type":"post","link":"https:\/\/www.actualidadadiario.com\/index.php\/2020\/06\/12\/crisis-sanitaria-en-chile-la-dura-decision-que-tuvieron-que-tomar-desde-los-hospitales\/","title":{"rendered":"Crisis sanitaria en Chile: la dura decisi\u00f3n que tuvieron que tomar desde los hospitales"},"content":{"rendered":"<p style=\"text-align: center;\"><em><strong>A los 100 d\u00edas de haber llegado el coronavirus, Chile est\u00e1 pasando por el peor brote de la pandemia. Para este jueves ya super\u00f3 los 154.000 contagios y las 2.600 muertes. Como si fuera poco, las autoridades confirmaron la peor noticia: hay mucha demanda en el sistema de salud, y admiten que est\u00e1 colapsado. La situaci\u00f3n es alarmante y hasta el mismo Ministro de Salud reconoci\u00f3 que \u201cHan sido 100 d\u00edas dur\u00edsimos\u201d<\/strong><\/em><\/p>\n<p>&nbsp;<\/p>\n<p>Hoy es otro d\u00eda triste en Chile. Desde C5N informaron que la preocupaci\u00f3n aumenta con las horas, ya que se reportaron 175 muertos y 5596 nuevos casos en tan solo un d\u00eda. El columnista Gabriel Miche confirm\u00f3 que este se trata de un nuevo r\u00e9cord de fallecidos en menos de 24 horas. El periodista agreg\u00f3: \u201cTienen un tercio de la poblaci\u00f3n de Argentina y hay 2600 muertos contra los 700 que tenemos en nuestro pa\u00eds\u201c.<\/p>\n<p>\u201cEn Chile dicen \u2018nosotros testeamos m\u00e1s\u2019, pero f\u00edjense que el n\u00famero de fallecidos no amerita ning\u00fan tipo de \u2018pero&#8217;\u201d, opin\u00f3 Miche. El mismo presidente del pa\u00eds vecino, Sebasti\u00e1n Pi\u00f1era, ya hab\u00eda confirmado hace dos semanas que el sistema de salud estaba colapsando. Para los periodistas de C5N, se trata de un pa\u00eds \u2018poco equitativo\u2019 en lo que refiere a la salud, adem\u00e1s de no haberse preparado para el coronavirus.<\/p>\n<p>Sobre esta cuesti\u00f3n, Gabriel Miche agreg\u00f3: \u201cHay directores de hospitales que ya aceptaron que tuvieron que tomar la triste decisi\u00f3n de la \u00faltima cama. Esta cuesti\u00f3n de decidir a qu\u00e9 paciente se la dan y a cu\u00e1l no, dependiendo del margen de supervivencia. El 97% de las camas de terapia est\u00e1n ocupadas en Santiago de Chile. Adem\u00e1s, se le suma el \u00faltimo registro. Hay 16.000 contagios en personal del sistema sanitario\u201d.<\/p>\n<p>Por otro lado, se encuentra la cuesti\u00f3n social en Chile, referida al hambre y al desempleo. En este momento hay manifestaciones en los diferentes barrios, para pedir bolsones de comida. Para el periodista, la reacci\u00f3n de Pi\u00f1era fue tard\u00eda, a tal punto que no dio una respuesta inmediata. Lo \u00fanico que prometi\u00f3 fue un bono similar al IFE, destinado a las personas m\u00e1s vulnerables, pero todav\u00eda sigue discutiendo el monto.<\/p>\n","protected":false},"excerpt":{"rendered":"<p>A los 100 d\u00edas de haber llegado el coronavirus, Chile est\u00e1 pasando por el peor brote de la pandemia. Para este jueves ya super\u00f3 los 154.000 contagios y las 2.600 muertes. Como si fuera poco, las autoridades confirmaron la peor noticia: hay mucha demanda en el sistema de salud, y admiten que est\u00e1 colapsado. La situaci\u00f3n es alarmante y hasta el mismo Ministro de Salud reconoci\u00f3 que \u201cHan sido 100 d\u00edas dur\u00edsimos\u201d &nbsp; Hoy es otro d\u00eda triste en Chile. Desde C5N informaron que la preocupaci\u00f3n aumenta con las horas,&#8230;<\/p>\n","protected":false},"author":3,"featured_media":62934,"comment_status":"closed","ping_status":"closed","sticky":false,"template":"","format":"standard","meta":[],"categories":[4],"tags":[],"_links":{"self":[{"href":"https:\/\/www.actualidadadiario.com\/index.php\/wp-json\/wp\/v2\/posts\/62933"}],"collection":[{"href":"https:\/\/www.actualidadadiario.com\/index.php\/wp-json\/wp\/v2\/posts"}],"about":[{"href":"https:\/\/www.actualidadadiario.com\/index.php\/wp-json\/wp\/v2\/types\/post"}],"author":[{"embeddable":true,"href":"https:\/\/www.actualidadadiario.com\/index.php\/wp-json\/wp\/v2\/users\/3"}],"replies":[{"embeddable":true,"href":"https:\/\/www.actualidadadiario.com\/index.php\/wp-json\/wp\/v2\/comments?post=62933"}],"version-history":[{"count":1,"href":"https:\/\/www.actualidadadiario.com\/index.php\/wp-json\/wp\/v2\/posts\/62933\/revisions"}],"predecessor-version":[{"id":62935,"href":"https:\/\/www.actualidadadiario.com\/index.php\/wp-json\/wp\/v2\/posts\/62933\/revisions\/62935"}],"wp:featuredmedia":[{"embeddable":true,"href":"https:\/\/www.actualidadadiario.com\/index.php\/wp-json\/wp\/v2\/media\/62934"}],"wp:attachment":[{"href":"https:\/\/www.actualidadadiario.com\/index.php\/wp-json\/wp\/v2\/media?parent=62933"}],"wp:term":[{"taxonomy":"category","embeddable":true,"href":"https:\/\/www.actualidadadiario.com\/index.php\/wp-json\/wp\/v2\/categories?post=62933"},{"taxonomy":"post_tag","embeddable":true,"href":"https:\/\/www.actualidadadiario.com\/index.php\/wp-json\/wp\/v2\/tags?post=62933"}],"curies":[{"name":"wp","href":"https:\/\/api.w.org\/{rel}","templated":true}]}}