{"id":62931,"date":"2020-06-12T17:51:03","date_gmt":"2020-06-12T20:51:03","guid":{"rendered":"https:\/\/www.actualidadadiario.com\/?p=62931"},"modified":"2020-06-12T17:51:03","modified_gmt":"2020-06-12T20:51:03","slug":"kulfas-confirmo-que-extenderan-el-congelamiento-de-tarifas","status":"publish","type":"post","link":"https:\/\/www.actualidadadiario.com\/index.php\/2020\/06\/12\/kulfas-confirmo-que-extenderan-el-congelamiento-de-tarifas\/","title":{"rendered":"Kulfas confirm\u00f3 que extender\u00e1n el congelamiento de tarifas"},"content":{"rendered":"<p style=\"text-align: center;\"><em><strong>El ministro destac\u00f3 que espera que el per\u00edodo de pr\u00f3rroga no sea muy largo. Tambi\u00e9n anticip\u00f3 que presentar\u00e1n la &#8220;ley Vaca Muerta&#8221; a la salida de la pandemia<\/strong><\/em><\/p>\n<p>&nbsp;<\/p>\n<p>El ministro Mat\u00edas Kulfas confirm\u00f3 que el congelamiento de tarifas se extender\u00e1 m\u00e1s all\u00e1 del 30 de junio, fecha que establec\u00eda la ley de emergencia econ\u00f3mica sancionada a fines del 2019.<\/p>\n<p>&#8220;Vamos a extender el congelamiento de tarifas por un per\u00edodo, esperamos que no muy largo&#8221;, indic\u00f3 en una presentaci\u00f3n v\u00eda teleconferencia organizada por el Grupo de L\u00edderes Empresariales.<\/p>\n<p>Se trata de un tema que preocupa al FMI por el fuerte d\u00e9ficit fiscal que ocasiona, algo que manifestaron desde inicios de la gesti\u00f3n de Alberto Fern\u00e1ndez.<\/p>\n<p>Por otro lado, el titular de Desarrollo Productivo anticip\u00f3 que la tan anunciada ley para fomentar las inversiones en Vaca Muerta y otras formaciones hidrocarbur\u00edferas ser\u00e1 presentada a la salida de la pandemia.<\/p>\n<p>&#8220;Creemos que es un sector fundamental porque puede generar divisas y desarrollar todo un entramado industrial. La ley lo que va a hacer es proteger las inversiones a largo plazo, es una se\u00f1al para los inversores&#8221;, dijo.<\/p>\n<p>En ese sentido, tambi\u00e9n se refiri\u00f3 al Plan Gas 4, el esquema que pagar\u00e1 un precio de gas superior al del mercado para sostener los niveles de producci\u00f3n y evitar tener que importar en grandes cantidades de cara el invierno de 2021.<\/p>\n","protected":false},"excerpt":{"rendered":"<p>El ministro destac\u00f3 que espera que el per\u00edodo de pr\u00f3rroga no sea muy largo. Tambi\u00e9n anticip\u00f3 que presentar\u00e1n la &#8220;ley Vaca Muerta&#8221; a la salida de la pandemia &nbsp; El ministro Mat\u00edas Kulfas confirm\u00f3 que el congelamiento de tarifas se extender\u00e1 m\u00e1s all\u00e1 del 30 de junio, fecha que establec\u00eda la ley de emergencia econ\u00f3mica sancionada a fines del 2019. &#8220;Vamos a extender el congelamiento de tarifas por un per\u00edodo, esperamos que no muy largo&#8221;, indic\u00f3 en una presentaci\u00f3n v\u00eda teleconferencia organizada por el Grupo de L\u00edderes Empresariales. Se trata&#8230;<\/p>\n","protected":false},"author":3,"featured_media":60390,"comment_status":"closed","ping_status":"closed","sticky":false,"template":"","format":"standard","meta":[],"categories":[18],"tags":[],"_links":{"self":[{"href":"https:\/\/www.actualidadadiario.com\/index.php\/wp-json\/wp\/v2\/posts\/62931"}],"collection":[{"href":"https:\/\/www.actualidadadiario.com\/index.php\/wp-json\/wp\/v2\/posts"}],"about":[{"href":"https:\/\/www.actualidadadiario.com\/index.php\/wp-json\/wp\/v2\/types\/post"}],"author":[{"embeddable":true,"href":"https:\/\/www.actualidadadiario.com\/index.php\/wp-json\/wp\/v2\/users\/3"}],"replies":[{"embeddable":true,"href":"https:\/\/www.actualidadadiario.com\/index.php\/wp-json\/wp\/v2\/comments?post=62931"}],"version-history":[{"count":1,"href":"https:\/\/www.actualidadadiario.com\/index.php\/wp-json\/wp\/v2\/posts\/62931\/revisions"}],"predecessor-version":[{"id":62932,"href":"https:\/\/www.actualidadadiario.com\/index.php\/wp-json\/wp\/v2\/posts\/62931\/revisions\/62932"}],"wp:featuredmedia":[{"embeddable":true,"href":"https:\/\/www.actualidadadiario.com\/index.php\/wp-json\/wp\/v2\/media\/60390"}],"wp:attachment":[{"href":"https:\/\/www.actualidadadiario.com\/index.php\/wp-json\/wp\/v2\/media?parent=62931"}],"wp:term":[{"taxonomy":"category","embeddable":true,"href":"https:\/\/www.actualidadadiario.com\/index.php\/wp-json\/wp\/v2\/categories?post=62931"},{"taxonomy":"post_tag","embeddable":true,"href":"https:\/\/www.actualidadadiario.com\/index.php\/wp-json\/wp\/v2\/tags?post=62931"}],"curies":[{"name":"wp","href":"https:\/\/api.w.org\/{rel}","templated":true}]}}