{"id":62925,"date":"2020-06-12T17:49:33","date_gmt":"2020-06-12T20:49:33","guid":{"rendered":"https:\/\/www.actualidadadiario.com\/?p=62925"},"modified":"2020-06-12T17:49:33","modified_gmt":"2020-06-12T20:49:33","slug":"la-interventora-del-servicio-penitenciario-destaco-la-reestructuracion-que-quiere-hacer-el-presidente-con-las-carceles","status":"publish","type":"post","link":"https:\/\/www.actualidadadiario.com\/index.php\/2020\/06\/12\/la-interventora-del-servicio-penitenciario-destaco-la-reestructuracion-que-quiere-hacer-el-presidente-con-las-carceles\/","title":{"rendered":"La interventora del servicio penitenciario destac\u00f3 la \u201creestructuraci\u00f3n que quiere hacer el Presidente\u201d con las c\u00e1rceles"},"content":{"rendered":"<p style=\"text-align: center;\"><em><strong>La interventora del Servicio Penitenciario Federal, Mar\u00eda Laura Garrigos de R\u00e9bori, destac\u00f3 la iniciativa del mandatario nacional que va en pos de reestructurar las c\u00e1rceles argentinas a partir de las situaciones problem\u00e1ticas que recrudeci\u00f3 la pandemia, en particular, en lo que respecta a la superpoblaci\u00f3n. Destac\u00f3 que se establecieron \u201ctodos los protocolos dispuestos por el Ministerio de Salud\u201d<\/strong><\/em><\/p>\n<p>&nbsp;<\/p>\n<p>La elegida por el presidente Alberto Fern\u00e1ndez para intervenir el Servicio Penitenciario Nacional, Mar\u00eda Laura Garrigos de R\u00e9bori, se refiri\u00f3 a la intervenci\u00f3n del sistema penitenciario federal. &#8220;Es parte de una reestructuraci\u00f3n que el presidente quiere hacer a partir de la pandemia, de la sobrepoblaci\u00f3n&#8221;, enfatiz\u00f3 la ex magistrada en di\u00e1logo con Fm La Patriada.<\/p>\n<p>Tambi\u00e9n asegur\u00f3 que &#8220;se est\u00e1n siguiendo los protocolos que se establecieron en el ministerio de salud, se est\u00e1 evitando el ingreso de internos a las unidades m\u00e1s densamente pobladas&#8221;<\/p>\n<p>Tras el anuncio realizado por el presidente Alberto Fern\u00e1ndez, finalmente ser\u00e1 Mar\u00eda Laura Garrig\u00f3s de R\u00e9bori, ex jueza de 66 a\u00f1os, la elegida del Gobierno para intervenir el Servicio Penitenciario Federal.<\/p>\n<p>Garrig\u00f3s de R\u00e9bori, ex magistrada de Casaci\u00f3n Penal de la Ciudad de Buenos Aires y fundadora de la agrupaci\u00f3n Justicia Legitima, depender\u00e1 del Ministerio de Justicia a cargo de Marcela Losardo y tendr\u00e1 un doble rol, interventora del Servicio mismo y titular de la Subsecretar\u00eda de Asuntos Penitenciarios.<\/p>\n<p>La designaci\u00f3n llega en una coyuntura de esc\u00e1ndalo respecto de c\u00f3mo el macrismo habr\u00eda perseguido a dirigentes pol\u00edticos propios y ajenos, sindicalistas y empresarios: la flamante interventora deber\u00e1 encauzar las dependencias carcelarias en medio de la investigaci\u00f3n por supuesto espionaje ilegal a pol\u00edticos, periodistas y jueces durante el gobierno de Mauricio Macri.<\/p>\n","protected":false},"excerpt":{"rendered":"<p>La interventora del Servicio Penitenciario Federal, Mar\u00eda Laura Garrigos de R\u00e9bori, destac\u00f3 la iniciativa del mandatario nacional que va en pos de reestructurar las c\u00e1rceles argentinas a partir de las situaciones problem\u00e1ticas que recrudeci\u00f3 la pandemia, en particular, en lo que respecta a la superpoblaci\u00f3n. Destac\u00f3 que se establecieron \u201ctodos los protocolos dispuestos por el Ministerio de Salud\u201d &nbsp; La elegida por el presidente Alberto Fern\u00e1ndez para intervenir el Servicio Penitenciario Nacional, Mar\u00eda Laura Garrigos de R\u00e9bori, se refiri\u00f3 a la intervenci\u00f3n del sistema penitenciario federal. &#8220;Es parte de una&#8230;<\/p>\n","protected":false},"author":3,"featured_media":62926,"comment_status":"closed","ping_status":"closed","sticky":false,"template":"","format":"standard","meta":[],"categories":[18],"tags":[],"_links":{"self":[{"href":"https:\/\/www.actualidadadiario.com\/index.php\/wp-json\/wp\/v2\/posts\/62925"}],"collection":[{"href":"https:\/\/www.actualidadadiario.com\/index.php\/wp-json\/wp\/v2\/posts"}],"about":[{"href":"https:\/\/www.actualidadadiario.com\/index.php\/wp-json\/wp\/v2\/types\/post"}],"author":[{"embeddable":true,"href":"https:\/\/www.actualidadadiario.com\/index.php\/wp-json\/wp\/v2\/users\/3"}],"replies":[{"embeddable":true,"href":"https:\/\/www.actualidadadiario.com\/index.php\/wp-json\/wp\/v2\/comments?post=62925"}],"version-history":[{"count":1,"href":"https:\/\/www.actualidadadiario.com\/index.php\/wp-json\/wp\/v2\/posts\/62925\/revisions"}],"predecessor-version":[{"id":62927,"href":"https:\/\/www.actualidadadiario.com\/index.php\/wp-json\/wp\/v2\/posts\/62925\/revisions\/62927"}],"wp:featuredmedia":[{"embeddable":true,"href":"https:\/\/www.actualidadadiario.com\/index.php\/wp-json\/wp\/v2\/media\/62926"}],"wp:attachment":[{"href":"https:\/\/www.actualidadadiario.com\/index.php\/wp-json\/wp\/v2\/media?parent=62925"}],"wp:term":[{"taxonomy":"category","embeddable":true,"href":"https:\/\/www.actualidadadiario.com\/index.php\/wp-json\/wp\/v2\/categories?post=62925"},{"taxonomy":"post_tag","embeddable":true,"href":"https:\/\/www.actualidadadiario.com\/index.php\/wp-json\/wp\/v2\/tags?post=62925"}],"curies":[{"name":"wp","href":"https:\/\/api.w.org\/{rel}","templated":true}]}}