{"id":62922,"date":"2020-06-12T17:48:42","date_gmt":"2020-06-12T20:48:42","guid":{"rendered":"https:\/\/www.actualidadadiario.com\/?p=62922"},"modified":"2020-06-12T17:48:42","modified_gmt":"2020-06-12T20:48:42","slug":"el-senado-discute-presuntas-irregularidades-entre-vicentin-y-el-banco-nacion","status":"publish","type":"post","link":"https:\/\/www.actualidadadiario.com\/index.php\/2020\/06\/12\/el-senado-discute-presuntas-irregularidades-entre-vicentin-y-el-banco-nacion\/","title":{"rendered":"El Senado discute presuntas irregularidades entre Vicentin y el Banco Naci\u00f3n"},"content":{"rendered":"<p style=\"text-align: center;\"><em><strong>Ser\u00e1 una reuni\u00f3n por videoconferencia y se incluy\u00f3 en el temario un proyecto de ley del senador Oscar Parrilli, que propuso crear una comisi\u00f3n bicameral para investigar supuestos il\u00edcitos en la compa\u00f1\u00eda agroexportadora<\/strong><\/em><\/p>\n<p>&nbsp;<\/p>\n<p>El Senado Nacional comenzar\u00e1 a discutir este viernes en comisi\u00f3n un proyecto de ley propuesto desde el Frente de Todos, para investigar presuntas irregularidades en la relaci\u00f3n crediticia entre el Banco Naci\u00f3n y la empresa cerealera Vicentin, luego de que el gobierno nacional anunciar\u00e1 su intervenci\u00f3n.<\/p>\n<p>La titular de la comisi\u00f3n de Asuntos Constitucionales, Mar\u00eda de los \u00c1ngeles Sacn\u00fan, convoc\u00f3 este viernes a las 14 a una reuni\u00f3n por videoconferencia e incluy\u00f3 en el temario un proyecto de ley del senador Oscar Parrilli, que propuso crear una comisi\u00f3n bicameral para investigar supuestos il\u00edcitos en Vicentin.<\/p>\n<p>Parrilli present\u00f3 el 30 de abril pasado un proyecto de ley que propone crear una comisi\u00f3n bicameral investigadora de presuntas irregularidades, que pudieron haber existido en la relaci\u00f3n crediticia entre el Banco Naci\u00f3n y la compa\u00f1\u00eda cerealera.<\/p>\n<p>&nbsp;<\/p>\n<p><strong>El proyecto de ley<\/strong><\/p>\n<p>En caso de aprobarse su creaci\u00f3n, la comisi\u00f3n bicameral estar\u00e1 integrada por legisladores de ambas c\u00e1maras para determinar si el Banco Naci\u00f3n cumpli\u00f3 los procedimientos correspondientes para los otorgamientos de los pr\u00e9stamos y sus refinanciaciones y si actu\u00f3 en cumplimiento de la normativa vigente por el Banco Central.<\/p>\n<p>En el segundo art\u00edculo, dispone que se dilucide tambi\u00e9n si el Banco Central, en su condici\u00f3n de organismo regulador, &#8220;ha efectuado el control correspondiente en el marco de sus funciones regladas&#8221;.<\/p>\n<p>La iniciativa hace hincapi\u00e9 en la denuncia por defraudaci\u00f3n contra el Estado Nacional que se tramita en el Juzgado Criminal y Correccional Federal 10 y que involucra a Guido Sandleris, quien fue presidente del Banco Central de la Rep\u00fablica Argentina durante el gobierno de Mauricio Macri.<\/p>\n<p>La Bicameral propuesta por el senador oficialista deber\u00eda investigar la posible &#8220;defraudaci\u00f3n y estafa comercial a acreedores, clientes de la firma y\/o empresas de Cereales y Soja con las que compet\u00eda en el mercado por posibles perjuicios econ\u00f3micos sufridos por la posici\u00f3n dominante adquirida en los \u00faltimos cuatro a\u00f1os&#8221;.<\/p>\n<p>Entre sus facultades, Parrilli propuso conocer &#8220;si existieron movimientos de fondos entre empresas vinculadas efectuando posibles maniobras espurias a efectos de ocultar y\/o simular la verdadera realidad econ\u00f3mica, de provocar el d\u00e9ficit econ\u00f3mico y financiero que ocasionaron el proceso concursal&#8221;.<\/p>\n<p>Tambi\u00e9n abog\u00f3 por &#8220;la detecci\u00f3n de posibles operaciones de encubrimiento y\/o lavado de activos que pudieren ser de origen delictivo y la responsabilidad de la Unidad de Informaci\u00f3n Financiera (UIF) por incumplimiento en sus obligaciones de control&#8221;.<\/p>\n<p>La Comisi\u00f3n &#8220;deber\u00e1 indagar si existieron desv\u00edos de fondos a empresas vinculadas al grupo en el pa\u00eds y\/o en el exterior, ejecutadas por los directivos y\/o responsables, si evadieron tributos y otros compromisos fiscales, dejando de ingresar a las arcas estatales, ya sea a nivel nacional, provincial y\/o municipal, montos correspondientes a sus obligaciones tributarias&#8221;.<\/p>\n<p>Parrilli aclar\u00f3 que se busca comprobar &#8220;si han efectuado giros o movimientos financieros a sus vinculadas en el pa\u00eds y\/o en el exterior, afectando dolosamente los ingresos p\u00fablicos&#8221;.<\/p>\n<p>En la reuni\u00f3n convocada para hoy, los integrantes de la comisi\u00f3n de Asuntos Constitucionales tambi\u00e9n discutir\u00e1n proyectos de senadoras del oficialismo que otorgan jerarqu\u00eda constitucional a la Convenci\u00f3n Interamericana sobre Protecci\u00f3n de los derechos humanos de las personas mayores, adoptada por la Organizaci\u00f3n de Estados Americanos (OEA) el 15 de junio de 2015 y aprobada por ley 27.360.<\/p>\n<p>Adem\u00e1s se tratar\u00e1n propuestas para crear las comisiones de Discapacidad y de la Juventud en el \u00e1mbito del Senado.<\/p>\n","protected":false},"excerpt":{"rendered":"<p>Ser\u00e1 una reuni\u00f3n por videoconferencia y se incluy\u00f3 en el temario un proyecto de ley del senador Oscar Parrilli, que propuso crear una comisi\u00f3n bicameral para investigar supuestos il\u00edcitos en la compa\u00f1\u00eda agroexportadora &nbsp; El Senado Nacional comenzar\u00e1 a discutir este viernes en comisi\u00f3n un proyecto de ley propuesto desde el Frente de Todos, para investigar presuntas irregularidades en la relaci\u00f3n crediticia entre el Banco Naci\u00f3n y la empresa cerealera Vicentin, luego de que el gobierno nacional anunciar\u00e1 su intervenci\u00f3n. La titular de la comisi\u00f3n de Asuntos Constitucionales, Mar\u00eda de&#8230;<\/p>\n","protected":false},"author":3,"featured_media":62923,"comment_status":"closed","ping_status":"closed","sticky":false,"template":"","format":"standard","meta":[],"categories":[18],"tags":[],"_links":{"self":[{"href":"https:\/\/www.actualidadadiario.com\/index.php\/wp-json\/wp\/v2\/posts\/62922"}],"collection":[{"href":"https:\/\/www.actualidadadiario.com\/index.php\/wp-json\/wp\/v2\/posts"}],"about":[{"href":"https:\/\/www.actualidadadiario.com\/index.php\/wp-json\/wp\/v2\/types\/post"}],"author":[{"embeddable":true,"href":"https:\/\/www.actualidadadiario.com\/index.php\/wp-json\/wp\/v2\/users\/3"}],"replies":[{"embeddable":true,"href":"https:\/\/www.actualidadadiario.com\/index.php\/wp-json\/wp\/v2\/comments?post=62922"}],"version-history":[{"count":1,"href":"https:\/\/www.actualidadadiario.com\/index.php\/wp-json\/wp\/v2\/posts\/62922\/revisions"}],"predecessor-version":[{"id":62924,"href":"https:\/\/www.actualidadadiario.com\/index.php\/wp-json\/wp\/v2\/posts\/62922\/revisions\/62924"}],"wp:featuredmedia":[{"embeddable":true,"href":"https:\/\/www.actualidadadiario.com\/index.php\/wp-json\/wp\/v2\/media\/62923"}],"wp:attachment":[{"href":"https:\/\/www.actualidadadiario.com\/index.php\/wp-json\/wp\/v2\/media?parent=62922"}],"wp:term":[{"taxonomy":"category","embeddable":true,"href":"https:\/\/www.actualidadadiario.com\/index.php\/wp-json\/wp\/v2\/categories?post=62922"},{"taxonomy":"post_tag","embeddable":true,"href":"https:\/\/www.actualidadadiario.com\/index.php\/wp-json\/wp\/v2\/tags?post=62922"}],"curies":[{"name":"wp","href":"https:\/\/api.w.org\/{rel}","templated":true}]}}