{"id":62915,"date":"2020-06-12T17:46:06","date_gmt":"2020-06-12T20:46:06","guid":{"rendered":"https:\/\/www.actualidadadiario.com\/?p=62915"},"modified":"2020-06-12T17:46:06","modified_gmt":"2020-06-12T20:46:06","slug":"la-expropiacion-es-la-herramienta-para-poder-rescatar-la-empresa-no-hay-otro-modo","status":"publish","type":"post","link":"https:\/\/www.actualidadadiario.com\/index.php\/2020\/06\/12\/la-expropiacion-es-la-herramienta-para-poder-rescatar-la-empresa-no-hay-otro-modo\/","title":{"rendered":"\u201cLa expropiaci\u00f3n es la herramienta para poder rescatar la empresa, no hay otro modo\u201d"},"content":{"rendered":"<p style=\"text-align: center;\"><em><strong>Tras su reuni\u00f3n con el CEO de la cerealera, Sergio Nardelli, el mandatario descart\u00f3 un acuerdo con los empresarios que actualmente manejan la firma. Explic\u00f3 que son &#8220;est\u00e1n muy salpicados&#8221; y que acodar con ellos ser\u00eda &#8220;muy poco transparente\u201d<\/strong><\/em><\/p>\n<p>&nbsp;<\/p>\n<p>&nbsp;<\/p>\n<p>El presidente Alberto Fern\u00e1ndez ratific\u00f3 la decisi\u00f3n del Gobierno de expropiar la empresa Vicentin y descart\u00f3 la posibilidad de dar marcha atr\u00e1s con esa medida para integrar un consorcio con privados, tal como se lo hab\u00edan propuesto ayer los representantes de esa cerealera. \u201cLa expropiaci\u00f3n es la herramienta para poder rescatar la empresa, no hay otro modo\u201d, dijo el mandatario.<\/p>\n<p>El jefe de Estado revel\u00f3 que durante la reuni\u00f3n del jueves con el CEO de esa empresa, Sergio Nardelli, el gobierno pidi\u00f3 \u201cuna alternativa\u201d para evitar que la compa\u00f1\u00eda se desplome, entre en remate y sea adquirida por capitales extranjeros. La \u00fanica respuesta que tuvo fue un pedido de no expropiaci\u00f3n.<\/p>\n<p>\u201cLo que ellos proponen es que el Estado ingrese a la empresa sin expropiaci\u00f3n. Lo que pasa es que eso supone un \u2018acuerdo\u2019 con empresarios que est\u00e1n muy salpicados. Y eso es muy poco transparente\u201d, cont\u00f3 Alberto Fern\u00e1ndez.<\/p>\n<p>Para el mandatario, la raz\u00f3n por la cual los empresarios que pusieron a Vicentin sobre las cuerdas hicieron esa propuesta es porque \u201csaben que no tienen aire y que solo el Estado puede socorrerlos&#8221;. Por eso &#8220;quieren \u2018acordar\u2019 con el Estado, porque temen que despu\u00e9s de una expropiaci\u00f3n queden d\u00e9biles frente a las acusaciones que existen por sus manejos\u201d.<\/p>\n<p>Frente a este escenario, \u201cla expropiaci\u00f3n es la herramienta para poder rescatar la empresa, no hay otro modo\u201d, puntualiz\u00f3 el primer mandatario durante una entrevista con la periodista Cynthia Garc\u00eda.<\/p>\n<p>&nbsp;<\/p>\n<p><strong>La palabra de Basterra<\/strong><\/p>\n<p>La decisi\u00f3n del jefe de Estado fue ratificada por el ministro de Agricultura, Luis Basterra, quien sostuvo que, frente a la crisis con cesaci\u00f3n de pagos de deudas varias veces millonarias que atraviesa la empresa, el Gobierno tom\u00f3 la decisi\u00f3n de \u201cno desnacionalizar ni desguazar\u201d la cerealera.<\/p>\n<p>El ministro cont\u00f3 que durante la reuni\u00f3n de ayer en Olivos el jefe de Estado &#8220;escuch\u00f3 atentamente\u201d las propuestas de Nardelli sobre \u201copciones a explorar\u201d para salvar a la empresa, pero no obstante dej\u00f3 claro que \u201clo que no es una opci\u00f3n es el instrumento\u201d que utilizar\u00e1 el Estado.<\/p>\n<p>\u201cNo hay una animadversi\u00f3n con la empresa. El Presidente les dijo \u2018hablen todo lo que quieran y vean si encuentran una opci\u00f3n distinta, pero desde el punto de vista de la intervenci\u00f3n del Estado, el camino que tenemos es este\u2019\u201d, relat\u00f3 Basterra.<\/p>\n<p>Durante una entrevista con Radio 10, el funcionario dej\u00f3 claro que la decisi\u00f3n del Poder Ejecutivo se mantiene. Insisti\u00f3 que Alberto Fern\u00e1ndez \u201cfue muy firme\u201d en plantear la expropiaci\u00f3n como \u00fanica salida y calific\u00f3 a esa posibilidad como \u201cun instrumento\u201d constitucional y pol\u00edtico para \u201ctener una Vicent\u00edn pr\u00f3spera y no que est\u00e9 tambaleando\u201d.<\/p>\n<p>\u201cNo hay animadversi\u00f3n contra le empresa ni (voluntad) de llegar a un Estado empresario que capture todos los procesos de transformaci\u00f3n, pero s\u00ed es importante que el Estado est\u00e9 presente\u201d, sobre todo en una firma que entr\u00f3 en una convocatoria de acreedores y que avanza a la quiebra y el remate.<\/p>\n<p>\u201cNo se percibe una salida sana de la empresa y se corre un gran riesgo de trasnacionalizaci\u00f3n\u201d, explic\u00f3 el ministro. Por eso, prosigui\u00f3, con la intervenci\u00f3n, el gobierno nacional \u201caspira a tener una empresa de referencia que act\u00fae en un mercado con un volumen y actores que hace que la Argentina solo sea tomadora de precio\u201d.<\/p>\n<p>En este marco, \u201cel sentido principal (de las medidas que tom\u00f3 el Gobierno) es rescatar la empresa Vicent\u00edn, que no se funda ni se desguace ni que caigan los puestos de trabajo\u201d.<\/p>\n<p>Por otra parte, Basterra sostuvo que la investigaci\u00f3n judicial sobre el destino de los fondos que el Banco Naci\u00f3n le otorg\u00f3 a la empresa en medio de una crisis irrecuperable corre por un camino paralelo a las conversaciones sobre la intervenci\u00f3n estatal.<\/p>\n<p>Dijo que \u201clas anomal\u00edas\u201d entre el Banco Naci\u00f3n y Vicent\u00edn \u201cest\u00e1n fuera de discusi\u00f3n\u201d y asegur\u00f3 que \u201clas responsabilidades de la empresa tendr\u00e1n que investigarse\u201d pero aclar\u00f3 que, mientras esto ocurre, \u201cla empresa tendr\u00e1 que funcionar\u201d.<\/p>\n<p>\u201cUno hubiera aspirado a que (los due\u00f1os de Vicent\u00edn) no hubieran cometido los errores que cometieron\u201d ni que apostaran a \u201cun modelo de especulaci\u00f3n como el que propuso Mauricio Macri y que finalmente los llev\u00f3 a un estado agudo\u201d.<\/p>\n","protected":false},"excerpt":{"rendered":"<p>Tras su reuni\u00f3n con el CEO de la cerealera, Sergio Nardelli, el mandatario descart\u00f3 un acuerdo con los empresarios que actualmente manejan la firma. Explic\u00f3 que son &#8220;est\u00e1n muy salpicados&#8221; y que acodar con ellos ser\u00eda &#8220;muy poco transparente\u201d &nbsp; &nbsp; El presidente Alberto Fern\u00e1ndez ratific\u00f3 la decisi\u00f3n del Gobierno de expropiar la empresa Vicentin y descart\u00f3 la posibilidad de dar marcha atr\u00e1s con esa medida para integrar un consorcio con privados, tal como se lo hab\u00edan propuesto ayer los representantes de esa cerealera. \u201cLa expropiaci\u00f3n es la herramienta para&#8230;<\/p>\n","protected":false},"author":3,"featured_media":60774,"comment_status":"closed","ping_status":"closed","sticky":false,"template":"","format":"standard","meta":[],"categories":[9],"tags":[],"_links":{"self":[{"href":"https:\/\/www.actualidadadiario.com\/index.php\/wp-json\/wp\/v2\/posts\/62915"}],"collection":[{"href":"https:\/\/www.actualidadadiario.com\/index.php\/wp-json\/wp\/v2\/posts"}],"about":[{"href":"https:\/\/www.actualidadadiario.com\/index.php\/wp-json\/wp\/v2\/types\/post"}],"author":[{"embeddable":true,"href":"https:\/\/www.actualidadadiario.com\/index.php\/wp-json\/wp\/v2\/users\/3"}],"replies":[{"embeddable":true,"href":"https:\/\/www.actualidadadiario.com\/index.php\/wp-json\/wp\/v2\/comments?post=62915"}],"version-history":[{"count":1,"href":"https:\/\/www.actualidadadiario.com\/index.php\/wp-json\/wp\/v2\/posts\/62915\/revisions"}],"predecessor-version":[{"id":62916,"href":"https:\/\/www.actualidadadiario.com\/index.php\/wp-json\/wp\/v2\/posts\/62915\/revisions\/62916"}],"wp:featuredmedia":[{"embeddable":true,"href":"https:\/\/www.actualidadadiario.com\/index.php\/wp-json\/wp\/v2\/media\/60774"}],"wp:attachment":[{"href":"https:\/\/www.actualidadadiario.com\/index.php\/wp-json\/wp\/v2\/media?parent=62915"}],"wp:term":[{"taxonomy":"category","embeddable":true,"href":"https:\/\/www.actualidadadiario.com\/index.php\/wp-json\/wp\/v2\/categories?post=62915"},{"taxonomy":"post_tag","embeddable":true,"href":"https:\/\/www.actualidadadiario.com\/index.php\/wp-json\/wp\/v2\/tags?post=62915"}],"curies":[{"name":"wp","href":"https:\/\/api.w.org\/{rel}","templated":true}]}}