{"id":62910,"date":"2020-06-12T16:14:01","date_gmt":"2020-06-12T19:14:01","guid":{"rendered":"https:\/\/www.actualidadadiario.com\/?p=62910"},"modified":"2020-06-12T16:14:01","modified_gmt":"2020-06-12T19:14:01","slug":"salud-continua-con-operativos-en-el-interior-y-amplia-la-definicion-de-contacto-estrecho","status":"publish","type":"post","link":"https:\/\/www.actualidadadiario.com\/index.php\/2020\/06\/12\/salud-continua-con-operativos-en-el-interior-y-amplia-la-definicion-de-contacto-estrecho\/","title":{"rendered":"Salud contin\u00faa con operativos en el interior y ampl\u00eda la definici\u00f3n de contacto estrecho"},"content":{"rendered":"<p style=\"text-align: center;\"><em><strong>La cartera sanitaria reforzar\u00e1 las estrategias presenciales sobre R\u00edo Negro y Neuqu\u00e9n, mientras mantiene el operativo DeteCtar en los barrios porte\u00f1os y la ciudad chaque\u00f1a de Resistencia<\/strong><\/em><\/p>\n<p>&nbsp;<\/p>\n<p>&nbsp;<\/p>\n<p>&nbsp;<\/p>\n<p>El Ministerio de Salud de la Naci\u00f3n inform\u00f3 este viernes el arribo de un nuevo plan de contenci\u00f3n para los aglomerados del departamento de General Roca, en R\u00edo Negro y la Ciudad de Neuqu\u00e9n, ante el aumento de casos de coronavirus y la detecci\u00f3n de transmisi\u00f3n comunitaria.<\/p>\n<p>La secretaria de Acceso a la Salud, Carla Vizzotti, indic\u00f3 que estos dos puntos referenciales concentraron en el \u00faltimo relevamiento, el 2% a nivel nacional, aunque enfatiz\u00f3 que &#8220;no se sumaron nuevas \u00e1reas de transmisi\u00f3n comunitaria&#8221;.<\/p>\n<p>&#8220;Tenemos un equipo del Ministerio de Salud trabajando en R\u00edo Negro, y esta tarde se mantendr\u00e1 una reuni\u00f3n conjunta entre las dos provincias y la cartera sanitaria para definir la situaci\u00f3n epidemiol\u00f3gica, las medidas a implementar, y los pr\u00f3ximos pasos, ya que se registr\u00f3 un aumento en el n\u00famero de casos a expensas de los dos aglomerados&#8221;, se\u00f1al\u00f3 Vizzotti.<\/p>\n<p>Adem\u00e1s, dio a conocer los primeros balances del trabajo territorial en el departamento chaque\u00f1o de Resistencia, en donde &#8220;se acentu\u00f3 en sensibilizar la detecci\u00f3n&#8221;, y &#8220;fortalecimiento en el aislamiento&#8221;.<\/p>\n<p>&#8220;El equipo de Salud de interior trabaj\u00f3 en redoblar la sensibilizaci\u00f3n en la detecci\u00f3n y el fortalecimiento en el aislamiento, e internaci\u00f3n de los pacientes leves, y el seguimiento de los contactos para su estudio&#8221;, repas\u00f3 la funcionaria, y adelant\u00f3 que el gobernador Jorge Capitanich se reunir\u00e1 este viernes con el ministro de Salud Gin\u00e9s Gonz\u00e1lez Garc\u00eda para &#8220;analizar los avances&#8221;.<\/p>\n<p>En relaci\u00f3n al \u00c1rea Metropolitana de Buenos Aires, reiter\u00f3 la vigencia del programa DeteCtar en los barrios porte\u00f1os de Balvanera, Flores, en tanto que ma\u00f1ana s\u00e1bado arriba a La Boca.<\/p>\n","protected":false},"excerpt":{"rendered":"<p>La cartera sanitaria reforzar\u00e1 las estrategias presenciales sobre R\u00edo Negro y Neuqu\u00e9n, mientras mantiene el operativo DeteCtar en los barrios porte\u00f1os y la ciudad chaque\u00f1a de Resistencia &nbsp; &nbsp; &nbsp; El Ministerio de Salud de la Naci\u00f3n inform\u00f3 este viernes el arribo de un nuevo plan de contenci\u00f3n para los aglomerados del departamento de General Roca, en R\u00edo Negro y la Ciudad de Neuqu\u00e9n, ante el aumento de casos de coronavirus y la detecci\u00f3n de transmisi\u00f3n comunitaria. La secretaria de Acceso a la Salud, Carla Vizzotti, indic\u00f3 que estos dos&#8230;<\/p>\n","protected":false},"author":3,"featured_media":59369,"comment_status":"closed","ping_status":"closed","sticky":false,"template":"","format":"standard","meta":[],"categories":[2],"tags":[],"_links":{"self":[{"href":"https:\/\/www.actualidadadiario.com\/index.php\/wp-json\/wp\/v2\/posts\/62910"}],"collection":[{"href":"https:\/\/www.actualidadadiario.com\/index.php\/wp-json\/wp\/v2\/posts"}],"about":[{"href":"https:\/\/www.actualidadadiario.com\/index.php\/wp-json\/wp\/v2\/types\/post"}],"author":[{"embeddable":true,"href":"https:\/\/www.actualidadadiario.com\/index.php\/wp-json\/wp\/v2\/users\/3"}],"replies":[{"embeddable":true,"href":"https:\/\/www.actualidadadiario.com\/index.php\/wp-json\/wp\/v2\/comments?post=62910"}],"version-history":[{"count":1,"href":"https:\/\/www.actualidadadiario.com\/index.php\/wp-json\/wp\/v2\/posts\/62910\/revisions"}],"predecessor-version":[{"id":62911,"href":"https:\/\/www.actualidadadiario.com\/index.php\/wp-json\/wp\/v2\/posts\/62910\/revisions\/62911"}],"wp:featuredmedia":[{"embeddable":true,"href":"https:\/\/www.actualidadadiario.com\/index.php\/wp-json\/wp\/v2\/media\/59369"}],"wp:attachment":[{"href":"https:\/\/www.actualidadadiario.com\/index.php\/wp-json\/wp\/v2\/media?parent=62910"}],"wp:term":[{"taxonomy":"category","embeddable":true,"href":"https:\/\/www.actualidadadiario.com\/index.php\/wp-json\/wp\/v2\/categories?post=62910"},{"taxonomy":"post_tag","embeddable":true,"href":"https:\/\/www.actualidadadiario.com\/index.php\/wp-json\/wp\/v2\/tags?post=62910"}],"curies":[{"name":"wp","href":"https:\/\/api.w.org\/{rel}","templated":true}]}}