{"id":62907,"date":"2020-06-12T16:13:08","date_gmt":"2020-06-12T19:13:08","guid":{"rendered":"https:\/\/www.actualidadadiario.com\/?p=62907"},"modified":"2020-06-12T16:13:08","modified_gmt":"2020-06-12T19:13:08","slug":"con-apoyo-del-gobierno-el-mercado-central-busca-red-nacional-de-precios-economicos","status":"publish","type":"post","link":"https:\/\/www.actualidadadiario.com\/index.php\/2020\/06\/12\/con-apoyo-del-gobierno-el-mercado-central-busca-red-nacional-de-precios-economicos\/","title":{"rendered":"Con apoyo del Gobierno, el Mercado Central busca red nacional de precios econ\u00f3micos"},"content":{"rendered":"<p style=\"text-align: center;\"><em><strong>El presidente del Mercado Central, Nahuel Levaggi, asegur\u00f3 que el plan est\u00e1 en marcha y tiene apoyo de la Secretar\u00eda de Comercio Interior. Algunas comunas ya consensuaron precios de frutas y verduras con negocios de barrio<\/strong><\/em><\/p>\n<p>&nbsp;<\/p>\n<p>&nbsp;<\/p>\n<p>Con el respaldo del Gobierno y recorridas por varias provincias, el Mercado Central busca armar un sistema mayorista de frutas y verduras en la Argentina, que tenga precios de referencia de renovaci\u00f3n semanal y acuerdos con comercios de barrio para combatir la inflaci\u00f3n.<\/p>\n<p>El presidente del Mercado Central, Nahuel Levaggi, revel\u00f3 que \u201cen conjunto con la Secretar\u00eda de Comercio Interior, estamos proponiendo a otros mercados del pa\u00eds tener un compromiso de abastecimiento como lo hacemos en el Mercado Central, con los precios semanales y accesibles\u201d.<\/p>\n<p>En esta l\u00ednea, Levaggi apunt\u00f3 que \u201cla idea parti\u00f3 del Central pero le gust\u00f3 mucho a la secretaria (de Comercio Interior) Paula Espa\u00f1ol y por eso estamos trabajando en conjunto. Hemos realizado acuerdos ya con municipios y viaj\u00e9 a C\u00f3rdoba, Santa Fe y Santiago del Estero\u201d.<\/p>\n<p>\u201cLa intenci\u00f3n es avanzar con el resto de las provincias, en calidad de propuesta voluntaria, ofreciendo productos de buena calidad\u201d, dijo Levaggi. Otro dato relevante es que \u201calgunos de los municipios ya abrieron sus propios mercados\u201d y \u201chasta lograron acuerdos con verduler\u00edas\u201d, se\u00f1al\u00f3.<\/p>\n<p>\u201cLo importante del compromiso \u2013que es de los operadores privados- es que no son precios m\u00e1ximos y nacen fruto del consenso. Adem\u00e1s, cada una de las frutas y verduras tiene su realidad, no es uniforme\u201d, agreg\u00f3.<\/p>\n<p>La gran influencia del Mercado Central, que es un ente tripartito (Naci\u00f3n, Provincia y CABA) situado en el partido de La Matanza, es que se trata del polo concentrador m\u00e1s importante de la Argentina, en cuanto a vol\u00famenes y abastecimiento, siendo el lugar preferido de compras mayoristas de muchos comerciantes.<\/p>\n<p>Levaggi se ha presentado siempre como un ac\u00e9rrimo defensor de la producci\u00f3n agroecol\u00f3gica; tambi\u00e9n ha enarbolado las banderas del \u201cprecio justo\u201d y de una nueva ley de acceso a la tierra, que mejore las condiciones de los peque\u00f1os agricultores que abastecen el mercado interno.<\/p>\n<p>\u201cAsumimos este desaf\u00edo para poner el hombro frente a la grave crisis alimentaria que se ven\u00eda arrastrando en nuestro pa\u00eds como resultado de las pol\u00edticas neoliberales, que hoy se agrava de cara a la pandemia del coronavirus\u201d, expres\u00f3 el nuevo director del Central.<\/p>\n<p>\u201cEs necesario transparentar la formaci\u00f3n de precios del alimento desde que llega hasta que sale del mercado; esto garantizar\u00e1 precios justos. Tengo el enorme desaf\u00edo de impulsar un mercado central que democratice su estructura para lograr precios justos para todos los consumidores y las familias productoras\u201d, agreg\u00f3.<\/p>\n","protected":false},"excerpt":{"rendered":"<p>El presidente del Mercado Central, Nahuel Levaggi, asegur\u00f3 que el plan est\u00e1 en marcha y tiene apoyo de la Secretar\u00eda de Comercio Interior. Algunas comunas ya consensuaron precios de frutas y verduras con negocios de barrio &nbsp; &nbsp; Con el respaldo del Gobierno y recorridas por varias provincias, el Mercado Central busca armar un sistema mayorista de frutas y verduras en la Argentina, que tenga precios de referencia de renovaci\u00f3n semanal y acuerdos con comercios de barrio para combatir la inflaci\u00f3n. El presidente del Mercado Central, Nahuel Levaggi, revel\u00f3 que&#8230;<\/p>\n","protected":false},"author":3,"featured_media":62908,"comment_status":"closed","ping_status":"closed","sticky":false,"template":"","format":"standard","meta":[],"categories":[2],"tags":[],"_links":{"self":[{"href":"https:\/\/www.actualidadadiario.com\/index.php\/wp-json\/wp\/v2\/posts\/62907"}],"collection":[{"href":"https:\/\/www.actualidadadiario.com\/index.php\/wp-json\/wp\/v2\/posts"}],"about":[{"href":"https:\/\/www.actualidadadiario.com\/index.php\/wp-json\/wp\/v2\/types\/post"}],"author":[{"embeddable":true,"href":"https:\/\/www.actualidadadiario.com\/index.php\/wp-json\/wp\/v2\/users\/3"}],"replies":[{"embeddable":true,"href":"https:\/\/www.actualidadadiario.com\/index.php\/wp-json\/wp\/v2\/comments?post=62907"}],"version-history":[{"count":1,"href":"https:\/\/www.actualidadadiario.com\/index.php\/wp-json\/wp\/v2\/posts\/62907\/revisions"}],"predecessor-version":[{"id":62909,"href":"https:\/\/www.actualidadadiario.com\/index.php\/wp-json\/wp\/v2\/posts\/62907\/revisions\/62909"}],"wp:featuredmedia":[{"embeddable":true,"href":"https:\/\/www.actualidadadiario.com\/index.php\/wp-json\/wp\/v2\/media\/62908"}],"wp:attachment":[{"href":"https:\/\/www.actualidadadiario.com\/index.php\/wp-json\/wp\/v2\/media?parent=62907"}],"wp:term":[{"taxonomy":"category","embeddable":true,"href":"https:\/\/www.actualidadadiario.com\/index.php\/wp-json\/wp\/v2\/categories?post=62907"},{"taxonomy":"post_tag","embeddable":true,"href":"https:\/\/www.actualidadadiario.com\/index.php\/wp-json\/wp\/v2\/tags?post=62907"}],"curies":[{"name":"wp","href":"https:\/\/api.w.org\/{rel}","templated":true}]}}