{"id":62894,"date":"2020-06-12T16:09:00","date_gmt":"2020-06-12T19:09:00","guid":{"rendered":"https:\/\/www.actualidadadiario.com\/?p=62894"},"modified":"2020-06-12T16:09:00","modified_gmt":"2020-06-12T19:09:00","slug":"vuelta-de-clases-los-alumnos-del-ultimo-ano-de-la-secundaria-deberan-cursar-un-trimestre-extra-en-2021","status":"publish","type":"post","link":"https:\/\/www.actualidadadiario.com\/index.php\/2020\/06\/12\/vuelta-de-clases-los-alumnos-del-ultimo-ano-de-la-secundaria-deberan-cursar-un-trimestre-extra-en-2021\/","title":{"rendered":"Vuelta de clases: los alumnos del \u00faltimo a\u00f1o de la secundaria deber\u00e1n cursar un trimestre extra en 2021"},"content":{"rendered":"<p style=\"text-align: center;\"><em><strong>El Gobierno analiza la implementaci\u00f3n de un m\u00f3dulo excepcional para que el a\u00f1o que viene puedan recuperar parte de los contenidos que no les fueron dictados en el marco de la cuarentena y as\u00ed completar los 14 a\u00f1os de educaci\u00f3n obligatoria<\/strong><\/em><\/p>\n<p>&nbsp;<\/p>\n<p>La \u201cnueva normalidad\u201d que regir\u00e1 una vez que se levante la cuarentena tambi\u00e9n alcanzar\u00e1 a los alumnos que hoy se encuentran cursando el \u00faltimo a\u00f1o del colegio secundario. El Gobierno trabaja en la creaci\u00f3n de un m\u00f3dulo excepcional para que el a\u00f1o que viene pueda recuperar parte de los contenidos que no les fueron dictados como consecuencia del Aislamiento Social, Preventivo y Obligatorio dispuesto por el Ejecutivo en el marco de la pandemia de Covid-19.<\/p>\n<p>\u201cVa a haber que dise\u00f1ar un m\u00f3dulo espec\u00edfico para quienes terminan la secundaria\u201d, dijo anoche el ministro de Educaci\u00f3n Nicol\u00e1s Trotta en el programa Virales de Radio, que se emite por Radio Rivadavia. Dicho esto, el funcionario estim\u00f3 que se tratar\u00eda de un \u201ctrimestre adicional\u201d que los alumnos deber\u00edan cursar, de forma presencial, el a\u00f1o que viene.<\/p>\n<p>As\u00ed, Trotta dej\u00f3 en claro que, \u201cpor \u00fanica vez\u201d, el inicio de las clases en las Universidades y de los institutos superiores quedar\u00eda postergado hasta el mes de mayo del 2021.<\/p>\n<p>Dicho esto, el funcionario admiti\u00f3 que ser\u00e1 un nuevo desaf\u00edo para la cartera que encabeza. Es que, ese trimestre adicional que deber\u00e1n hacer los chicos que hoy cursan quinto a\u00f1o se superpondr\u00e1 con el nuevo ciclo lectivo.<\/p>\n<p>Desde el Ministerio de Educaci\u00f3n explicaron que este m\u00f3dulo, cuya modalidad a\u00fan se est\u00e1 discutiendo -pero que en principio ser\u00eda presencial y se impartir\u00eda en las propias escuelas- tiene que ser aprobado por el Consejo Federal de Educaci\u00f3n se aplicar\u00eda solamente para los alumnos del \u00faltimo a\u00f1o de la secundaria por una sencilla raz\u00f3n: no tienen la posibilidad de recuperar los contenidos que no se impartieron este a\u00f1o, como consecuencia de la cuarentena, durante el ciclo lectivo 2021.<\/p>\n<p>Con este m\u00f3dulo se busca entonces asegurar un cierre de los catorce a\u00f1os de educaci\u00f3n obligatoria.<\/p>\n<p>&nbsp;<\/p>\n<p><strong>Respiro a la sociedad <\/strong><\/p>\n<p>Durante el reportaje concedido a Virales de Radio, Trotta tambi\u00e9n descart\u00f3 que se impartan clases durante los meses de enero y febrero. \u201cVamos a tener que darle un respiro a la sociedad\u201d. Adem\u00e1s, hizo alusi\u00f3n a la econom\u00eda y subray\u00f3 que esta tambi\u00e9n \u201cnecesita a las vacaciones\u201d.<\/p>\n<p>En este sentido, hizo alusi\u00f3n, puntualmente, al rubro tur\u00edstico, que genera empleo intensivo y que, como consecuencia del coronavirus, \u201cest\u00e1 teniendo una situaci\u00f3n de much\u00edsima complejidad\u201d, y a la que no se le puede sacar \u201cla posibilidad de un proceso de recuperaci\u00f3n\u201d.<\/p>\n<p>\u201cTodos estos componentes deben estar sobre la mesa a la hora de tomar decisiones\u201d, remat\u00f3 Trotta.<\/p>\n","protected":false},"excerpt":{"rendered":"<p>El Gobierno analiza la implementaci\u00f3n de un m\u00f3dulo excepcional para que el a\u00f1o que viene puedan recuperar parte de los contenidos que no les fueron dictados en el marco de la cuarentena y as\u00ed completar los 14 a\u00f1os de educaci\u00f3n obligatoria &nbsp; La \u201cnueva normalidad\u201d que regir\u00e1 una vez que se levante la cuarentena tambi\u00e9n alcanzar\u00e1 a los alumnos que hoy se encuentran cursando el \u00faltimo a\u00f1o del colegio secundario. El Gobierno trabaja en la creaci\u00f3n de un m\u00f3dulo excepcional para que el a\u00f1o que viene pueda recuperar parte de&#8230;<\/p>\n","protected":false},"author":3,"featured_media":62577,"comment_status":"closed","ping_status":"closed","sticky":false,"template":"","format":"standard","meta":[],"categories":[9],"tags":[],"_links":{"self":[{"href":"https:\/\/www.actualidadadiario.com\/index.php\/wp-json\/wp\/v2\/posts\/62894"}],"collection":[{"href":"https:\/\/www.actualidadadiario.com\/index.php\/wp-json\/wp\/v2\/posts"}],"about":[{"href":"https:\/\/www.actualidadadiario.com\/index.php\/wp-json\/wp\/v2\/types\/post"}],"author":[{"embeddable":true,"href":"https:\/\/www.actualidadadiario.com\/index.php\/wp-json\/wp\/v2\/users\/3"}],"replies":[{"embeddable":true,"href":"https:\/\/www.actualidadadiario.com\/index.php\/wp-json\/wp\/v2\/comments?post=62894"}],"version-history":[{"count":1,"href":"https:\/\/www.actualidadadiario.com\/index.php\/wp-json\/wp\/v2\/posts\/62894\/revisions"}],"predecessor-version":[{"id":62895,"href":"https:\/\/www.actualidadadiario.com\/index.php\/wp-json\/wp\/v2\/posts\/62894\/revisions\/62895"}],"wp:featuredmedia":[{"embeddable":true,"href":"https:\/\/www.actualidadadiario.com\/index.php\/wp-json\/wp\/v2\/media\/62577"}],"wp:attachment":[{"href":"https:\/\/www.actualidadadiario.com\/index.php\/wp-json\/wp\/v2\/media?parent=62894"}],"wp:term":[{"taxonomy":"category","embeddable":true,"href":"https:\/\/www.actualidadadiario.com\/index.php\/wp-json\/wp\/v2\/categories?post=62894"},{"taxonomy":"post_tag","embeddable":true,"href":"https:\/\/www.actualidadadiario.com\/index.php\/wp-json\/wp\/v2\/tags?post=62894"}],"curies":[{"name":"wp","href":"https:\/\/api.w.org\/{rel}","templated":true}]}}