{"id":62889,"date":"2020-06-12T15:41:37","date_gmt":"2020-06-12T18:41:37","guid":{"rendered":"https:\/\/www.actualidadadiario.com\/?p=62889"},"modified":"2020-06-12T15:41:37","modified_gmt":"2020-06-12T18:41:37","slug":"proponen-eximir-del-impuesto-de-sellos-a-micro-pequenas-y-medianas-empresas","status":"publish","type":"post","link":"https:\/\/www.actualidadadiario.com\/index.php\/2020\/06\/12\/proponen-eximir-del-impuesto-de-sellos-a-micro-pequenas-y-medianas-empresas\/","title":{"rendered":"Proponen eximir del Impuesto de Sellos a Micro, Peque\u00f1as y Medianas Empresas"},"content":{"rendered":"<p style=\"text-align: center;\"><em><strong>El presidente de la C\u00e1mara de Diputados, \u00c1ngel Giano, con el acompa\u00f1amiento de todo el Bloque Frente Justicialista CREER Entre R\u00edos, present\u00f3 un proyecto de ley, elaborado con el Poder Ejecutivo, que beneficia con la exenci\u00f3n del impuesto de sellos a las micro, peque\u00f1as y medianas empresas entrerrianas en el contexto de emergencia sanitaria por COVID-19<\/strong><\/em><\/p>\n<p>&nbsp;<\/p>\n<p>La iniciativa fue presentada por el presidente de la C\u00e1mara de Diputados con la autor\u00eda de todas las diputadas y todos los diputados del bloque oficialista (Juan Navarro, Jorge C\u00e1ceres, Jos\u00e9 C\u00e1ceres, Sergio Castrill\u00f3n, Stefan\u00eda Cora, Juan Pablo Cosso, Mariana Farf\u00e1n, Juan Manuel Huss, Jos\u00e9 Kramer, Diego Lara, N\u00e9stor Loggio, Silvia Moreno, Carina Ramos, Mariano Rebord, Paola Rubattino, Leonardo Silva, Julio Solanas, Carmen Toller y Gustavo Zavallo).<\/p>\n<p>El proyecto exime del pago del Impuesto de Sellos a las operaciones bancarias -prestamos- otorgadas a favor de las Micro, Peque\u00f1as y Medianas Empresas (MiPyMEs) en raz\u00f3n de la Resoluci\u00f3n del Banco Central N\u00b0 6937, eximiendo tambi\u00e9n del pago del impuesto de sellos a las operaciones de la l\u00ednea de Asistencia Financiera para la Reactivaci\u00f3n Productiva implementadas por el Consejo Federal de Inversiones (CFI) para las MiPyMEs del sector tur\u00edstico, cualquiera sea la modalidad de instrumentaci\u00f3n de las mismas, como as\u00ed tambi\u00e9n los contratos y\/o instrumentos que la garanticen.<\/p>\n<p>Por otro lado, establece que se condonen las deudas por Impuesto de Sellos de Micro, Peque\u00f1as y Medianas Empresas generadas en virtud de las mencionadas operatorias y por financiaciones obtenidas desde el 1\u00b0 de abril de 2020 hasta la fecha de entrada en vigencia de la normativa, como as\u00ed tambi\u00e9n las generadas por los contratos y\/o instrumentos que las garantizaron.<\/p>\n<p>Complementa adem\u00e1s la decisi\u00f3n pol\u00edtica del Gobierno nacional a partir del dictado de la Comunicaci\u00f3n \u201cA\u201d 6937 del Banco Central de la Rep\u00fablica Argentina del 9 de marzo de 2020, por la cual se contemplan \u201cfinanciaciones en pesos a Micro, Peque\u00f1a y Mediana Empresas a una tasa de inter\u00e9s nominal anual de hasta el 24 %, debiendo destinarse al menos el 50% del monto de esas financiaciones a l\u00edneas de capital de trabajo, como por ejemplo pagos de sueldo\u201d.<\/p>\n<p>En el texto presentado se argumenta que el aislamiento social, preventivo y obligatorio ha sido de vital importancia para preservar la salud de la poblaci\u00f3n pero que a la vez ha generado la necesidad de atender los efectos colaterales en la din\u00e1mica de la econom\u00eda en su conjunto y de gran parte de las actividades productivas. Los mismos \u201chan llevado a la adopci\u00f3n, por parte del Gobierno Provincial, tanto directamente desde el Poder Ejecutivo como a trav\u00e9s de la Administradora Tributaria, de diferentes medidas tendientes a llevar alivio a los distintos sectores econ\u00f3micos de la provincia\u201d.<\/p>\n<p>En este sentido, el proyecto que el Bloque Frente Justicialista CREER Entre R\u00edos se presenta \u201ccomo una medida m\u00e1s en pos de contribuir al sostenimiento de las MiPyMEs en este dif\u00edcil momento\u201d. Adem\u00e1s, en el marco de la recientemente sancionada Ley de Emergencia del Sector Tur\u00edstico, tambi\u00e9n implicar\u00eda un mayor apoyo a las actividades tur\u00edsticas, que han sufrido con mayor rigurosidad el efecto colateral econ\u00f3mico de las restricciones del aislamiento.<\/p>\n","protected":false},"excerpt":{"rendered":"<p>El presidente de la C\u00e1mara de Diputados, \u00c1ngel Giano, con el acompa\u00f1amiento de todo el Bloque Frente Justicialista CREER Entre R\u00edos, present\u00f3 un proyecto de ley, elaborado con el Poder Ejecutivo, que beneficia con la exenci\u00f3n del impuesto de sellos a las micro, peque\u00f1as y medianas empresas entrerrianas en el contexto de emergencia sanitaria por COVID-19 &nbsp; La iniciativa fue presentada por el presidente de la C\u00e1mara de Diputados con la autor\u00eda de todas las diputadas y todos los diputados del bloque oficialista (Juan Navarro, Jorge C\u00e1ceres, Jos\u00e9 C\u00e1ceres, Sergio&#8230;<\/p>\n","protected":false},"author":3,"featured_media":62480,"comment_status":"closed","ping_status":"closed","sticky":false,"template":"","format":"standard","meta":[],"categories":[15],"tags":[],"_links":{"self":[{"href":"https:\/\/www.actualidadadiario.com\/index.php\/wp-json\/wp\/v2\/posts\/62889"}],"collection":[{"href":"https:\/\/www.actualidadadiario.com\/index.php\/wp-json\/wp\/v2\/posts"}],"about":[{"href":"https:\/\/www.actualidadadiario.com\/index.php\/wp-json\/wp\/v2\/types\/post"}],"author":[{"embeddable":true,"href":"https:\/\/www.actualidadadiario.com\/index.php\/wp-json\/wp\/v2\/users\/3"}],"replies":[{"embeddable":true,"href":"https:\/\/www.actualidadadiario.com\/index.php\/wp-json\/wp\/v2\/comments?post=62889"}],"version-history":[{"count":1,"href":"https:\/\/www.actualidadadiario.com\/index.php\/wp-json\/wp\/v2\/posts\/62889\/revisions"}],"predecessor-version":[{"id":62890,"href":"https:\/\/www.actualidadadiario.com\/index.php\/wp-json\/wp\/v2\/posts\/62889\/revisions\/62890"}],"wp:featuredmedia":[{"embeddable":true,"href":"https:\/\/www.actualidadadiario.com\/index.php\/wp-json\/wp\/v2\/media\/62480"}],"wp:attachment":[{"href":"https:\/\/www.actualidadadiario.com\/index.php\/wp-json\/wp\/v2\/media?parent=62889"}],"wp:term":[{"taxonomy":"category","embeddable":true,"href":"https:\/\/www.actualidadadiario.com\/index.php\/wp-json\/wp\/v2\/categories?post=62889"},{"taxonomy":"post_tag","embeddable":true,"href":"https:\/\/www.actualidadadiario.com\/index.php\/wp-json\/wp\/v2\/tags?post=62889"}],"curies":[{"name":"wp","href":"https:\/\/api.w.org\/{rel}","templated":true}]}}