{"id":62887,"date":"2020-06-12T15:40:40","date_gmt":"2020-06-12T18:40:40","guid":{"rendered":"https:\/\/www.actualidadadiario.com\/?p=62887"},"modified":"2020-06-12T15:40:40","modified_gmt":"2020-06-12T18:40:40","slug":"coronavirus-en-ciudad-de-federacion-se-investiga-el-nexo-epidemiologico","status":"publish","type":"post","link":"https:\/\/www.actualidadadiario.com\/index.php\/2020\/06\/12\/coronavirus-en-ciudad-de-federacion-se-investiga-el-nexo-epidemiologico\/","title":{"rendered":"Coronavirus en ciudad de Federaci\u00f3n: &#8220;Se investiga el nexo epidemiol\u00f3gico&#8221;"},"content":{"rendered":"<p style=\"text-align: center;\"><em><strong>El paciente confirmado con coronavirus en Federaci\u00f3n &#8220;tiene unos 40 a\u00f1os. Est\u00e1 con muy buena evoluci\u00f3n, sin s\u00edntomas&#8221;, afirm\u00f3 \u00a0la directora del hospital San Jos\u00e9. Investigan el nexo epidemiol\u00f3gico<\/strong><\/em><\/p>\n<p>&nbsp;<\/p>\n<p>El \u00e1rea de Vigilancia Epidemiol\u00f3gica del Ministerio de Salud, confirm\u00f3 este jueves que se registraron seis nuevos casos de coronavirus en Entre R\u00edos. Los pacientes corresponden a los departamentos Islas, Col\u00f3n, Uruguay, Federaci\u00f3n y Gualeguaych\u00fa.<\/p>\n<p>En cuanto al paciente de la ciudad de Federaci\u00f3n, Carolina Garc\u00eda, directora del hospital San Jos\u00e9 de Federaci\u00f3n, que indic\u00f3 que se investiga el nexo epidemiol\u00f3gico del caso.<\/p>\n<p>Este es el primer caso de coronavirus en la ciudad de Federaci\u00f3n. Recordemos que en la noche de este jueves se brind\u00f3 una conferencia de prensa en Federaci\u00f3n, de la que participaron el intendente Bravo junto a autoridades sanitarias.<\/p>\n<p>La persona que result\u00f3 con coronavirus positivo, &#8220;desde hace nueve o diez meses, tiempo en que se est\u00e1 dializando, el hombre solo va desde su hogar al Centro de Di\u00e1lisis en Concordia; no ha salido a otro lugar&#8221;, indic\u00f3 la directora del hospital San Jos\u00e9.<\/p>\n<p>&#8220;Hay que empezar a ver sus contactos principales, es decir su familia, la persona que lo llevaba a Concordia, a la persona que se dializa con \u00e9l en la ciudad, de ah\u00ed se empieza a hacer una exhaustiva indagatoria acerca de los lugares en donde han estado, ya sea el remisero y la persona acompa\u00f1ante de esta persona&#8221;, asever\u00f3 en el mismo sentido.<\/p>\n<p>&#8220;La familia de esta persona est\u00e1 ya aislada. No han salido de la ciudad, por lo que no hay ning\u00fan nexo epidemiol\u00f3gico a trav\u00e9s de su familia. Al nexo epidemiol\u00f3gico lo tendremos que buscar en el centro de Di\u00e1lisis de Concordia o sus compa\u00f1eros de remis&#8221;, afirm\u00f3 la directora del nosocomio.<\/p>\n<p>Desde el Centro de Di\u00e1lisis de Concordia &#8220;se comunicaron con el coordinador del NODO Epidemiol\u00f3gico, Mario Corn\u00fa y nos pidi\u00f3 que se le tomara la muestra, porque en una de las di\u00e1lisis hab\u00eda presentado febr\u00edcula&#8221;. Es as\u00ed que el hombre &#8220;se intern\u00f3, se aisl\u00f3 y en el d\u00eda de hoy dio positivo&#8221;.<\/p>\n<p>A los s\u00edntomas los evidenci\u00f3 &#8220;esta semana, el lunes present\u00f3 febr\u00edcula&#8221;, cont\u00f3 la m\u00e9dica.<\/p>\n<p>El paciente &#8220;se encuentra bien, estable, no presenta ning\u00fan s\u00edntoma. No tiene fiebre, no tiene problemas respiratorios, est\u00e1 totalmente compensado&#8221;.<\/p>\n<p>&#8220;Se est\u00e1 viendo la posibilidad de trasladarlo a Concordia, al hospital Masvernat, debido a la necesidad de la di\u00e1lisis. Pero todo esto se decidir\u00e1 desde Concordia&#8221;, apunt\u00f3.<\/p>\n<p>Aisladas est\u00e1n, en estos momentos, &#8220;seis personas que componen su familia y viven con \u00e9l. Aparte del paciente que dio positivo para Covid, &#8220;se ha llevado al hospital a las dos personas que viajan con \u00e9l&#8221;. Adem\u00e1s, han aislado a las familias de los mismos.<\/p>\n<p>&#8220;En total, hay aisladas unas 18 personas en sus domicilios y tres pacientes en el hospital&#8221;, resalt\u00f3 la directora del nosocomio. Al remisero y a la otra persona que viaja en el veh\u00edculo a hacerse di\u00e1lisis a Concordia, ten\u00edan previsto realizarle el hisopado en la noche de este jueves. Estos dos \u00faltimos &#8220;no han presentado ning\u00fan s\u00edntoma&#8221;.<\/p>\n<p>La directora del nosocomio inform\u00f3 que la conferencia de prensa realizada este jueves por la noche, &#8220;fue para llevar tranquilidad a la poblaci\u00f3n, que sepan que se est\u00e1n tomando todas las medidas correspondientes, que si hay que extremar los cuidados como se ven\u00eda diciendo, lo recalcamos todo el tiempo, lo vamos a hacer. Y se sigue pidiendo el uso del tapabocas, del lavado de manos, el distanciamiento social. La gente ha tenido la sensaci\u00f3n que, como no ten\u00edamos casos, hab\u00eda relajado la situaci\u00f3n en relaci\u00f3n a los cuidados, pero no se puede hacer, hay que extremar los cuidados&#8221;.<\/p>\n","protected":false},"excerpt":{"rendered":"<p>El paciente confirmado con coronavirus en Federaci\u00f3n &#8220;tiene unos 40 a\u00f1os. Est\u00e1 con muy buena evoluci\u00f3n, sin s\u00edntomas&#8221;, afirm\u00f3 \u00a0la directora del hospital San Jos\u00e9. Investigan el nexo epidemiol\u00f3gico &nbsp; El \u00e1rea de Vigilancia Epidemiol\u00f3gica del Ministerio de Salud, confirm\u00f3 este jueves que se registraron seis nuevos casos de coronavirus en Entre R\u00edos. Los pacientes corresponden a los departamentos Islas, Col\u00f3n, Uruguay, Federaci\u00f3n y Gualeguaych\u00fa. En cuanto al paciente de la ciudad de Federaci\u00f3n, Carolina Garc\u00eda, directora del hospital San Jos\u00e9 de Federaci\u00f3n, que indic\u00f3 que se investiga el nexo&#8230;<\/p>\n","protected":false},"author":3,"featured_media":12557,"comment_status":"closed","ping_status":"closed","sticky":false,"template":"","format":"standard","meta":[],"categories":[15],"tags":[],"_links":{"self":[{"href":"https:\/\/www.actualidadadiario.com\/index.php\/wp-json\/wp\/v2\/posts\/62887"}],"collection":[{"href":"https:\/\/www.actualidadadiario.com\/index.php\/wp-json\/wp\/v2\/posts"}],"about":[{"href":"https:\/\/www.actualidadadiario.com\/index.php\/wp-json\/wp\/v2\/types\/post"}],"author":[{"embeddable":true,"href":"https:\/\/www.actualidadadiario.com\/index.php\/wp-json\/wp\/v2\/users\/3"}],"replies":[{"embeddable":true,"href":"https:\/\/www.actualidadadiario.com\/index.php\/wp-json\/wp\/v2\/comments?post=62887"}],"version-history":[{"count":1,"href":"https:\/\/www.actualidadadiario.com\/index.php\/wp-json\/wp\/v2\/posts\/62887\/revisions"}],"predecessor-version":[{"id":62888,"href":"https:\/\/www.actualidadadiario.com\/index.php\/wp-json\/wp\/v2\/posts\/62887\/revisions\/62888"}],"wp:featuredmedia":[{"embeddable":true,"href":"https:\/\/www.actualidadadiario.com\/index.php\/wp-json\/wp\/v2\/media\/12557"}],"wp:attachment":[{"href":"https:\/\/www.actualidadadiario.com\/index.php\/wp-json\/wp\/v2\/media?parent=62887"}],"wp:term":[{"taxonomy":"category","embeddable":true,"href":"https:\/\/www.actualidadadiario.com\/index.php\/wp-json\/wp\/v2\/categories?post=62887"},{"taxonomy":"post_tag","embeddable":true,"href":"https:\/\/www.actualidadadiario.com\/index.php\/wp-json\/wp\/v2\/tags?post=62887"}],"curies":[{"name":"wp","href":"https:\/\/api.w.org\/{rel}","templated":true}]}}