{"id":62881,"date":"2020-06-12T15:39:07","date_gmt":"2020-06-12T18:39:07","guid":{"rendered":"https:\/\/www.actualidadadiario.com\/?p=62881"},"modified":"2020-06-12T15:39:07","modified_gmt":"2020-06-12T18:39:07","slug":"la-provincia-gestiono-ante-nacion-autorizacion-para-que-las-universidades-tomen-examenes-finales-presenciales","status":"publish","type":"post","link":"https:\/\/www.actualidadadiario.com\/index.php\/2020\/06\/12\/la-provincia-gestiono-ante-nacion-autorizacion-para-que-las-universidades-tomen-examenes-finales-presenciales\/","title":{"rendered":"La provincia gestion\u00f3 ante Naci\u00f3n autorizaci\u00f3n para que las universidades tomen ex\u00e1menes finales presenciales"},"content":{"rendered":"<p style=\"text-align: center;\"><em><strong>El gobernador Gustavo Bordet, elev\u00f3 al jefe de Gabinete de Presidencia de la Naci\u00f3n, Santiago Cafiero, la solicitud de autorizaci\u00f3n para que las unidades acad\u00e9micas de nivel universitario, tanto p\u00fablicas como privadas, realicen los ex\u00e1menes finales de manera presencial<\/strong><\/em><\/p>\n<p>&nbsp;<\/p>\n<p>El mandatario se dirigi\u00f3 al funcionario nacional, en su car\u00e1cter de coordinador de la Unidad de Coordinaci\u00f3n General del Plan Integral para la Prevenci\u00f3n de Eventos de Salud P\u00fablica de Importancia Internacional, y solicit\u00f3 que en el \u00e1mbito de la provincia de Entre R\u00edos las universidades puedan tomar de manera presencial los finales de las carreras de pregrado, grado y posgrado cursadas en las mismas.<\/p>\n<p>En la nota, el mandatario detalla que tal petici\u00f3n realizada por la Universidad Nacional de Entre R\u00edos (UNER), Universidad Aut\u00f3noma de Entre R\u00edos (UADER) y Universidad Tecnol\u00f3gica Nacional (UTN) Regionales Paran\u00e1, Concordia y Concepci\u00f3n del Uruguay, \u201ctiene como correspondencia que el cursado de las distintas carreras en las mismas se han desarrollado mediante tecnolog\u00edas de la informaci\u00f3n y la comunicaci\u00f3n, torn\u00e1ndose imprescindible la realizaci\u00f3n de los ex\u00e1menes finales presenciales, como instancia que cierra el proceso ense\u00f1anza-aprendizaje, permitiendo dar cuenta de la efectiva realizaci\u00f3n del derecho a la educaci\u00f3n, no solo en cuanto al aspecto de asistencia a clases sino tambi\u00e9n a la continuidad de los estudios emprendidos luego de acreditar los saberes correspondientes\u201d.<\/p>\n<p>Precisa que \u201ca tal fin, dichas universidades han aprobado dentro del marco de sus competencias, los respectivos protocolos atendiendo la actual situaci\u00f3n sanitaria, contemplando las medidas de distanciamiento, sanitarias, de prevenci\u00f3n y actuaci\u00f3n frente a la pandemia, inst\u00e1ndose en consonancia con lo establecido en el Decreto 520\/20 precitado, el establecimiento de protocolos adicionales, espec\u00edficos para la realizaci\u00f3n de ex\u00e1menes finales, incluyendo el registro de los asistentes a cada espacio, conforme determinadas pautas, contenidas en dicha presentaci\u00f3n, y poni\u00e9ndolos a consideraci\u00f3n\u201d.<\/p>\n<p>Detalla adem\u00e1s, que dicha solicitud tiene fundamento en la situaci\u00f3n epidemiol\u00f3gica favorable actual de la provincia, luego de ser evaluada y aprobada por nuestra m\u00e1xima autoridad sanitaria jurisdiccional Comit\u00e9 de Organizaci\u00f3n de Emergencia de la Salud (COES).<\/p>\n","protected":false},"excerpt":{"rendered":"<p>El gobernador Gustavo Bordet, elev\u00f3 al jefe de Gabinete de Presidencia de la Naci\u00f3n, Santiago Cafiero, la solicitud de autorizaci\u00f3n para que las unidades acad\u00e9micas de nivel universitario, tanto p\u00fablicas como privadas, realicen los ex\u00e1menes finales de manera presencial &nbsp; El mandatario se dirigi\u00f3 al funcionario nacional, en su car\u00e1cter de coordinador de la Unidad de Coordinaci\u00f3n General del Plan Integral para la Prevenci\u00f3n de Eventos de Salud P\u00fablica de Importancia Internacional, y solicit\u00f3 que en el \u00e1mbito de la provincia de Entre R\u00edos las universidades puedan tomar de manera&#8230;<\/p>\n","protected":false},"author":3,"featured_media":62882,"comment_status":"closed","ping_status":"closed","sticky":false,"template":"","format":"standard","meta":[],"categories":[15],"tags":[],"_links":{"self":[{"href":"https:\/\/www.actualidadadiario.com\/index.php\/wp-json\/wp\/v2\/posts\/62881"}],"collection":[{"href":"https:\/\/www.actualidadadiario.com\/index.php\/wp-json\/wp\/v2\/posts"}],"about":[{"href":"https:\/\/www.actualidadadiario.com\/index.php\/wp-json\/wp\/v2\/types\/post"}],"author":[{"embeddable":true,"href":"https:\/\/www.actualidadadiario.com\/index.php\/wp-json\/wp\/v2\/users\/3"}],"replies":[{"embeddable":true,"href":"https:\/\/www.actualidadadiario.com\/index.php\/wp-json\/wp\/v2\/comments?post=62881"}],"version-history":[{"count":1,"href":"https:\/\/www.actualidadadiario.com\/index.php\/wp-json\/wp\/v2\/posts\/62881\/revisions"}],"predecessor-version":[{"id":62883,"href":"https:\/\/www.actualidadadiario.com\/index.php\/wp-json\/wp\/v2\/posts\/62881\/revisions\/62883"}],"wp:featuredmedia":[{"embeddable":true,"href":"https:\/\/www.actualidadadiario.com\/index.php\/wp-json\/wp\/v2\/media\/62882"}],"wp:attachment":[{"href":"https:\/\/www.actualidadadiario.com\/index.php\/wp-json\/wp\/v2\/media?parent=62881"}],"wp:term":[{"taxonomy":"category","embeddable":true,"href":"https:\/\/www.actualidadadiario.com\/index.php\/wp-json\/wp\/v2\/categories?post=62881"},{"taxonomy":"post_tag","embeddable":true,"href":"https:\/\/www.actualidadadiario.com\/index.php\/wp-json\/wp\/v2\/tags?post=62881"}],"curies":[{"name":"wp","href":"https:\/\/api.w.org\/{rel}","templated":true}]}}