{"id":62879,"date":"2020-06-12T15:38:23","date_gmt":"2020-06-12T18:38:23","guid":{"rendered":"https:\/\/www.actualidadadiario.com\/?p=62879"},"modified":"2020-06-12T15:38:23","modified_gmt":"2020-06-12T18:38:23","slug":"el-fiscal-de-estado-confirmo-la-prohibicion-de-las-reuniones-sociales","status":"publish","type":"post","link":"https:\/\/www.actualidadadiario.com\/index.php\/2020\/06\/12\/el-fiscal-de-estado-confirmo-la-prohibicion-de-las-reuniones-sociales\/","title":{"rendered":"El Fiscal de Estado confirm\u00f3 la prohibici\u00f3n de las reuniones sociales"},"content":{"rendered":"<p style=\"text-align: center;\"><em><strong>Julio Rodr\u00edguez Signes asegur\u00f3 que por ahora no se pueden realizar reuniones sociales en Entre R\u00edos. \u201cNo hay protocolo para este tipo de reuniones y, por lo tanto, no est\u00e1n habilitadas\u201d, sostuvo \u00b7 Explic\u00f3 que la determinaci\u00f3n se basa en que Entre R\u00edos es una provincia de tr\u00e1nsito hacia Buenos Aires. Remarc\u00f3: \u201cHay que evitar la circulaci\u00f3n interna del virus, que hasta ahora no tenemos\u201d<\/strong><\/em><\/p>\n<p>&nbsp;<\/p>\n<p>&nbsp;<\/p>\n<p>\u201cEl Gobierno provincial lo que dice es \u2018por ahora no\u2019. No hay protocolo para este tipo de reuniones, y por lo tanto no est\u00e1n habilitadas\u201d, asegur\u00f3 el Fiscal de Estado.<\/p>\n<p>Sostuvo que \u201cse prefiere mantener la cautela y mantener una actitud m\u00e1s restringida\u201d y si bien confirm\u00f3 que actualmente rige en Entre R\u00edos la fase de distanciamiento, se deben \u201cevitar las reuniones sociales, que no son absolutamente necesarias\u201d.<\/p>\n<p>\u201cLa idea es evitar las aglomeraciones y las reuniones lo m\u00e1ximo que se pueda por ahora, atento a que la situaci\u00f3n en el \u00c1rea Metropolitana de Buenos Aires (AMBA) es compleja\u201d, se\u00f1al\u00f3 luego el funcionario. \u201cNosotros somos una provincial vecina, de tr\u00e1nsito. No podemos cancelar la circulaci\u00f3n en la ruta 14, que es donde se est\u00e1 produciendo el contacto, pero s\u00ed establecer protocolos de circulaci\u00f3n\u201d, apunt\u00f3.<\/p>\n<p>En el mismo orden explic\u00f3 que \u201ccomo la tendencia es que la gente que va a Buenos Aires, al volver ha mantenido reuniones sociales y ha provocado contagios, la idea es que seamos cautos con las reuniones sociales y por ahora no las habilitemos\u201d. Y remarc\u00f3: \u201cNo es un capricho del Gobernador es un criterio, una decisi\u00f3n argumentada\u201d.<\/p>\n<p>Rodr\u00edguez Signes asegur\u00f3 que \u201chay que evitar la circulaci\u00f3n interna, que hasta ahora no tenemos\u201d. En declaraciones al programa Cara y Ceca, de Radio UNER Paran\u00e1, explic\u00f3: \u201cSi habilitamos las reuniones sociales y las actividades deportivas, aunque sean menos de 10 personas, corremos el riesgo de que haya circulaci\u00f3n interna\u201d.<\/p>\n<p>Rodr\u00edguez Signes reconoci\u00f3 la confusi\u00f3n que provoca esta decisi\u00f3n dada la habilitaci\u00f3n para que abran bares y restaurantes, donde un grupo de amigos s\u00ed se puede reunir. Pero apunt\u00f3 que la diferencia se encuentra en la aplicaci\u00f3n de protocolos estrictos en los locales gastron\u00f3micos. Y se\u00f1al\u00f3 que \u201cel Gobernador insisti\u00f3 en la necesidad de que los intendentes act\u00faen en los locales donde no se respeten los protocolos\u201d.<\/p>\n<p>&nbsp;<\/p>\n<p><strong>Error<\/strong><\/p>\n<p>El Fiscal de Estado reconoci\u00f3 su equivocaci\u00f3n al brindar, d\u00edas atr\u00e1s, precisiones respecto a los alcances del DNU 520, que establece la fase de distanciamiento social. \u201cEl error fue m\u00edo. Se me consult\u00f3 acerca del decreto 520 y la interpretaci\u00f3n inicial m\u00eda fue que se pueden hacer las reuniones\u201d, apunt\u00f3.<\/p>\n<p>Pero aclar\u00f3 que \u201cluego, con el informe del COES y las novedades en la costa del Uruguay, la interpretaci\u00f3n oficial que hace el Gobierno provincial es que esa facultad todav\u00eda en Entre R\u00edos est\u00e1 suspendida\u201d.<\/p>\n","protected":false},"excerpt":{"rendered":"<p>Julio Rodr\u00edguez Signes asegur\u00f3 que por ahora no se pueden realizar reuniones sociales en Entre R\u00edos. \u201cNo hay protocolo para este tipo de reuniones y, por lo tanto, no est\u00e1n habilitadas\u201d, sostuvo \u00b7 Explic\u00f3 que la determinaci\u00f3n se basa en que Entre R\u00edos es una provincia de tr\u00e1nsito hacia Buenos Aires. Remarc\u00f3: \u201cHay que evitar la circulaci\u00f3n interna del virus, que hasta ahora no tenemos\u201d &nbsp; &nbsp; \u201cEl Gobierno provincial lo que dice es \u2018por ahora no\u2019. No hay protocolo para este tipo de reuniones, y por lo tanto no&#8230;<\/p>\n","protected":false},"author":3,"featured_media":51896,"comment_status":"closed","ping_status":"closed","sticky":false,"template":"","format":"standard","meta":[],"categories":[15],"tags":[],"_links":{"self":[{"href":"https:\/\/www.actualidadadiario.com\/index.php\/wp-json\/wp\/v2\/posts\/62879"}],"collection":[{"href":"https:\/\/www.actualidadadiario.com\/index.php\/wp-json\/wp\/v2\/posts"}],"about":[{"href":"https:\/\/www.actualidadadiario.com\/index.php\/wp-json\/wp\/v2\/types\/post"}],"author":[{"embeddable":true,"href":"https:\/\/www.actualidadadiario.com\/index.php\/wp-json\/wp\/v2\/users\/3"}],"replies":[{"embeddable":true,"href":"https:\/\/www.actualidadadiario.com\/index.php\/wp-json\/wp\/v2\/comments?post=62879"}],"version-history":[{"count":1,"href":"https:\/\/www.actualidadadiario.com\/index.php\/wp-json\/wp\/v2\/posts\/62879\/revisions"}],"predecessor-version":[{"id":62880,"href":"https:\/\/www.actualidadadiario.com\/index.php\/wp-json\/wp\/v2\/posts\/62879\/revisions\/62880"}],"wp:featuredmedia":[{"embeddable":true,"href":"https:\/\/www.actualidadadiario.com\/index.php\/wp-json\/wp\/v2\/media\/51896"}],"wp:attachment":[{"href":"https:\/\/www.actualidadadiario.com\/index.php\/wp-json\/wp\/v2\/media?parent=62879"}],"wp:term":[{"taxonomy":"category","embeddable":true,"href":"https:\/\/www.actualidadadiario.com\/index.php\/wp-json\/wp\/v2\/categories?post=62879"},{"taxonomy":"post_tag","embeddable":true,"href":"https:\/\/www.actualidadadiario.com\/index.php\/wp-json\/wp\/v2\/tags?post=62879"}],"curies":[{"name":"wp","href":"https:\/\/api.w.org\/{rel}","templated":true}]}}